{"id":75476,"date":"2020-02-07T16:36:00","date_gmt":"2020-02-07T21:36:00","guid":{"rendered":"https:\/\/linitiative.ca\/International\/tunisie-le-courant-democratique-exige-ses-joujoux-sinon-il-boude\/"},"modified":"2020-02-07T16:36:00","modified_gmt":"2020-02-07T21:36:00","slug":"tunisie-le-courant-democratique-exige-ses-joujoux-sinon-il-boude","status":"publish","type":"post","link":"https:\/\/linitiative.ca\/International\/tunisie-le-courant-democratique-exige-ses-joujoux-sinon-il-boude\/","title":{"rendered":"Tunisie \u2013 le courant d\u00e9mocratique exige ses \u00ab joujoux \u00bb sinon il boude !"},"content":{"rendered":"<div class=\"post-cont-in left relative\">\n<p>Le courant d\u00e9mocratique a annonc\u00e9, ce vendredi, qu\u2019il se retirait des pourparlers pour la formation du prochain gouvernement, par <a href=\"https:\/\/www.tunisienumerique.com\/tunisie-actualite\/elyes-fakhfakh\/\" title=\"Elyes Fakhfakh\" target=\"_top\" class=\"auto-link\" rel=\"noopener noreferrer\">Elyes Fakhfakh<\/a>.<\/p>\n<div class=\"code-block code-block-1 c3\"><ins class=\"adsbygoogle c2\" data-ad-layout=\"in-article\" data-ad-format=\"fluid\" data-ad-client=\"ca-pub-2102118777505746\" data-ad-slot=\"7301775417\"\/> <\/div>\n<p>La raison de cette volte face, est le fait qu\u2019Elyes Fakhfakh leur a fait part, aujourd\u2019hui, de son intention de nommer des ind\u00e9pendants aux minist\u00e8res r\u00e9galiens, comme, par exemple, Ghazi Jeribi \u00e0 l\u2019int\u00e9rieur et Chafik Sarsar pour le minist\u00e8re de la justice.<\/p>\n<p>Cette option a f\u00e2ch\u00e9 les leaders du courant d\u00e9mocratique. Non pas parce que ces deux personnalit\u00e9s ne sont pas indiqu\u00e9es pour les postes, mais, simplement, parce que leur int\u00e9r\u00eat personnel pr\u00e9vaut sur celui de la Nation. Et leur int\u00e9r\u00eat personnel veut que le minist\u00e8re de l\u2019int\u00e9rieur soit confi\u00e9 \u00e0 <a href=\"https:\/\/www.tunisienumerique.com\/tunisie-actualite\/mohamed-abbou\/\" title=\"Mohamed Abbou\" target=\"_top\" class=\"auto-link\" rel=\"noopener noreferrer\">Mohamed Abbou<\/a>, et celui de la justice \u00e0 Ghazi Chaouachi.<\/p>\n<p>Donc, en r\u00e9sum\u00e9, soit les leaders du courant d\u00e9mocratique obtiennent leur \u00ab\u00a0joujou\u00a0\u00bb, soit ils laissent tout tomber et quittent le navire.<\/p>\n<p>Quand la politique et le patriotisme deviennent antagonistes, il faut craindre le pire pour le pays.<\/p>\n<div class=\"swp_social_panel swp_horizontal_panel swp_flat_fresh swp_default_full_color swp_individual_full_color swp_other_full_color scale-100 scale-\" data-min-width=\"1100\" data-float-color=\"#ffffff\" data-float=\"bottom\" data-float-mobile=\"bottom\" data-transition=\"slide\">\n<div class=\"nc_tweetContainer swp_share_button total_shares total_sharesalt\"><span class=\"swp_count\">10 <span class=\"swp_label\">Partages<\/span><\/span><\/div>\n<\/div>\n<p><strong>Que se passe-t-il en Tunisie?<\/strong><br \/>Nous expliquons sur notre <a href=\"https:\/\/www.youtube.com\/channel\/UCRzypVq0B_yBad5eGrwBx0Q?sub_confirmation=1\" target=\"_blank\" rel=\"noopener noreferrer\">cha\u00eene YouTube<\/a> . <a href=\"https:\/\/www.youtube.com\/channel\/UCRzypVq0B_yBad5eGrwBx0Q?sub_confirmation=1\" target=\"_blank\" rel=\"noopener noreferrer\">Abonnez-vous!<\/a><\/p>\n<div class=\"mvp-org-wrap mvp-org-logo\" itemprop=\"publisher\" itemscope=\"\" itemtype=\"https:\/\/schema.org\/Organization\"><img decoding=\"async\" src=\"https:\/\/www.tunisienumerique.com\/wp-content\/uploads\/2017\/02\/logo_tunisie_numerique.png\"\/><\/div>\n<div class=\"mvp-related-posts left relative\">\n<h4 class=\"post-header\"><span class=\"post-header\">Lire aussi<\/span><\/h4>\n<\/div>\n<\/div>\n<p>Auteur: LM<br \/>\n<a href=\"https:\/\/www.tunisienumerique.com\/tunisie-le-courant-democratique-exige-ses-joujoux-sinon-il-boude\/\">Cliquez ici pour lire l&rsquo;article depuis sa source.<\/a><\/p>\n","protected":false},"excerpt":{"rendered":"<p>Le courant d\u00e9mocratique a annonc\u00e9, ce vendredi, qu\u2019il se retirait des pourparlers pour la formation du prochain gouvernement, par Elyes Fakhfakh. La raison de cette volte face, est le fait qu\u2019Elyes Fakhfakh leur a fait part, aujourd\u2019hui, de son intention de nommer des ind\u00e9pendants aux minist\u00e8res r\u00e9galiens, comme, par exemple, Ghazi Jeribi \u00e0 l\u2019int\u00e9rieur et [&hellip;]<\/p>\n","protected":false},"author":1789,"featured_media":75477,"comment_status":"closed","ping_status":"closed","sticky":false,"template":"","format":"standard","meta":{"fifu_image_url":"","fifu_image_alt":"","footnotes":""},"categories":[73,55],"tags":[],"class_list":["post-75476","post","type-post","status-publish","format-standard","has-post-thumbnail","hentry","category-actualite","category-tunisie"],"_links":{"self":[{"href":"https:\/\/linitiative.ca\/International\/wp-json\/wp\/v2\/posts\/75476","targetHints":{"allow":["GET"]}}],"collection":[{"href":"https:\/\/linitiative.ca\/International\/wp-json\/wp\/v2\/posts"}],"about":[{"href":"https:\/\/linitiative.ca\/International\/wp-json\/wp\/v2\/types\/post"}],"author":[{"embeddable":true,"href":"https:\/\/linitiative.ca\/International\/wp-json\/wp\/v2\/users\/1789"}],"replies":[{"embeddable":true,"href":"https:\/\/linitiative.ca\/International\/wp-json\/wp\/v2\/comments?post=75476"}],"version-history":[{"count":0,"href":"https:\/\/linitiative.ca\/International\/wp-json\/wp\/v2\/posts\/75476\/revisions"}],"wp:featuredmedia":[{"embeddable":true,"href":"https:\/\/linitiative.ca\/International\/wp-json\/"}],"wp:attachment":[{"href":"https:\/\/linitiative.ca\/International\/wp-json\/wp\/v2\/media?parent=75476"}],"wp:term":[{"taxonomy":"category","embeddable":true,"href":"https:\/\/linitiative.ca\/International\/wp-json\/wp\/v2\/categories?post=75476"},{"taxonomy":"post_tag","embeddable":true,"href":"https:\/\/linitiative.ca\/International\/wp-json\/wp\/v2\/tags?post=75476"}],"curies":[{"name":"wp","href":"https:\/\/api.w.org\/{rel}","templated":true}]}}