{"id":75495,"date":"2020-02-08T02:04:50","date_gmt":"2020-02-08T07:04:50","guid":{"rendered":"https:\/\/linitiative.ca\/International\/connectivite-en-afrique-ericsson-veut-tirer-parti-des-performances-du-reseau-de-telephonie\/"},"modified":"2020-02-08T02:04:50","modified_gmt":"2020-02-08T07:04:50","slug":"connectivite-en-afrique-ericsson-veut-tirer-parti-des-performances-du-reseau-de-telephonie","status":"publish","type":"post","link":"https:\/\/linitiative.ca\/International\/connectivite-en-afrique-ericsson-veut-tirer-parti-des-performances-du-reseau-de-telephonie\/","title":{"rendered":"Connectivit\u00e9 en Afrique : Ericsson veut tirer parti des performances du r\u00e9seau de t\u00e9l\u00e9phonie"},"content":{"rendered":"<header>\n<\/header>\n<div class=\"entry-content clearfix\" readability=\"66\"><img decoding=\"async\" class=\"post_layout_5_img\" src=\"http:\/\/aujourdhui.ma\/wp-content\/uploads\/2020\/02\/Nicolas-Blixell-vice-pre%CC%81sident-Ericsson-Moyen-orient-et-Afrique..jpg?x29840\" alt=\"Connectivit\u00e9 en Afrique : Ericsson veut tirer parti des performances du r\u00e9seau de t\u00e9l\u00e9phonie\"\/><\/p>\n<p class=\"p1\"><span class=\"s1\"><span class=\"c4\"><strong>L\u2019\u00e8re du num\u00e9rique ne fait que commencer ouvrant la voie vers de nouvelles opportunit\u00e9s dans tous les domaines confondus.<\/strong><\/span><\/span><\/p>\n<p class=\"p1\"><span class=\"s1\">Une id\u00e9e confirm\u00e9e par Nicolas Blixell, Vice-pr\u00e9sident Ericsson Moyen-orient et Afrique qui explique que <em>\u00ables technologies \u00e9mergentes ouvrent de nouvelles opportunit\u00e9s qui \u00e9taient inimaginables il y a quelques ann\u00e9es \u00e0 peine et changent la fa\u00e7on dont nous menons nos vies, tant au travail que pendant nos loisirs. La connectivit\u00e9 ne se limite pas aux appareils et aux voitures, elle r\u00e9volutionne les secteurs industriels, des transports aux services publics, en passant par les soins de sant\u00e9 et la s\u00e9curit\u00e9 publique, ce qui change notre fa\u00e7on de faire des affaires<\/em>\u00bb.<\/span><\/p>\n<p class=\"p1\"><span class=\"s1\">Le d\u00e9ploiement du r\u00e9seau en Afrique subsaharienne continue de s\u2019\u00e9tendre.<span class=\"Apple-converted-space\">\u00a0<\/span> Dans cette perspective, MTN par exemple a d\u00e9ploy\u00e9 en 2019 plus de capacit\u00e9 et de sites suppl\u00e9mentaires sur son r\u00e9seau 3G pour am\u00e9liorer l\u2019efficacit\u00e9 et am\u00e9liorer l\u2019exp\u00e9rience client au Rwanda.<span class=\"Apple-converted-space\">\u00a0<\/span> Il estime par ailleurs que tout le monde \u2013 propri\u00e9taires de contenu, op\u00e9rateurs de r\u00e9seau, fournisseurs d\u2019\u00e9quipement et fabricants d\u2019appareils \u2013 peut travailler ensemble pour cr\u00e9er des services attrayants et am\u00e9liorer l\u2019exp\u00e9rience utilisateur. Pour lui, l\u2019am\u00e9lioration des performances du r\u00e9seau ouvre la voie \u00e0 un contr\u00f4le sophistiqu\u00e9 des politiques, \u00e0 la cat\u00e9gorisation du trafic et \u00e0 la qualit\u00e9 de service pour r\u00e9pondre de mani\u00e8re flexible aux opportunit\u00e9s.<\/span><\/p>\n<p class=\"p1\"><span class=\"s1\">Ainsi, ces fonctionnalit\u00e9s peuvent \u00eatre utilis\u00e9es pour permettre l\u2019acc\u00e8s au service sp\u00e9cifique \u00e0 l\u2019emplacement et pour la personnalisation des promotions. \u00ab<em>Ensemble, les fournisseurs de services et d\u2019applications peuvent hi\u00e9rarchiser le trafic, r\u00e9duisant les temps de t\u00e9l\u00e9chargement pour les sites Web premium s\u00e9lectionn\u00e9s. Les temps de chargement des pages Web peuvent \u00eatre essentiels pour d\u00e9terminer la qualit\u00e9 de l\u2019exp\u00e9rience d\u2019un utilisateur, en particulier lors de la navigation et des achats en ligne<\/em>\u00bb, pr\u00e9cise-t-il ajoutant que chaque utilisateur, d\u2019un consommateur ou d\u2019une voiture connect\u00e9e ou d\u2019un m\u00e9decin, a des besoins et des attentes diff\u00e9rentes.<\/span><\/p>\n<\/div>\n<p>Auteur: ALM<br \/>\n<a href=\"http:\/\/aujourdhui.ma\/high-tech\/connectivite-en-afrique-ericsson-veut-tirer-parti-des-performances-du-reseau-de-telephonie\">Cliquez ici pour lire l&rsquo;article depuis sa source.<\/a><\/p>\n","protected":false},"excerpt":{"rendered":"<p>L\u2019\u00e8re du num\u00e9rique ne fait que commencer ouvrant la voie vers de nouvelles opportunit\u00e9s dans tous les domaines confondus. Une id\u00e9e confirm\u00e9e par Nicolas Blixell, Vice-pr\u00e9sident Ericsson Moyen-orient et Afrique qui explique que \u00ables technologies \u00e9mergentes ouvrent de nouvelles opportunit\u00e9s qui \u00e9taient inimaginables il y a quelques ann\u00e9es \u00e0 peine et changent la fa\u00e7on dont [&hellip;]<\/p>\n","protected":false},"author":1759,"featured_media":0,"comment_status":"closed","ping_status":"closed","sticky":false,"template":"","format":"standard","meta":{"fifu_image_url":"","fifu_image_alt":"","footnotes":""},"categories":[73,54],"tags":[],"class_list":["post-75495","post","type-post","status-publish","format-standard","hentry","category-actualite","category-maroc"],"_links":{"self":[{"href":"https:\/\/linitiative.ca\/International\/wp-json\/wp\/v2\/posts\/75495","targetHints":{"allow":["GET"]}}],"collection":[{"href":"https:\/\/linitiative.ca\/International\/wp-json\/wp\/v2\/posts"}],"about":[{"href":"https:\/\/linitiative.ca\/International\/wp-json\/wp\/v2\/types\/post"}],"author":[{"embeddable":true,"href":"https:\/\/linitiative.ca\/International\/wp-json\/wp\/v2\/users\/1759"}],"replies":[{"embeddable":true,"href":"https:\/\/linitiative.ca\/International\/wp-json\/wp\/v2\/comments?post=75495"}],"version-history":[{"count":0,"href":"https:\/\/linitiative.ca\/International\/wp-json\/wp\/v2\/posts\/75495\/revisions"}],"wp:attachment":[{"href":"https:\/\/linitiative.ca\/International\/wp-json\/wp\/v2\/media?parent=75495"}],"wp:term":[{"taxonomy":"category","embeddable":true,"href":"https:\/\/linitiative.ca\/International\/wp-json\/wp\/v2\/categories?post=75495"},{"taxonomy":"post_tag","embeddable":true,"href":"https:\/\/linitiative.ca\/International\/wp-json\/wp\/v2\/tags?post=75495"}],"curies":[{"name":"wp","href":"https:\/\/api.w.org\/{rel}","templated":true}]}}