{"id":75497,"date":"2020-02-08T02:08:03","date_gmt":"2020-02-08T07:08:03","guid":{"rendered":"https:\/\/linitiative.ca\/International\/casablanca-20-ans-de-prison-pour-homicide-volontaire-avec-premeditation-et-guet-apens\/"},"modified":"2020-02-08T02:08:03","modified_gmt":"2020-02-08T07:08:03","slug":"casablanca-20-ans-de-prison-pour-homicide-volontaire-avec-premeditation-et-guet-apens","status":"publish","type":"post","link":"https:\/\/linitiative.ca\/International\/casablanca-20-ans-de-prison-pour-homicide-volontaire-avec-premeditation-et-guet-apens\/","title":{"rendered":"Casablanca : 20 ans de prison pour homicide volontaire avec pr\u00e9m\u00e9ditation et guet-apens"},"content":{"rendered":"<header>\n<\/header>\n<div class=\"entry-content clearfix\" readability=\"63\"><img decoding=\"async\" class=\"post_layout_5_img\" src=\"http:\/\/aujourdhui.ma\/wp-content\/uploads\/2017\/01\/Prison-Maroc.jpg?x29840\" alt=\"Casablanca : 20 ans de prison pour homicide volontaire avec pr\u00e9m\u00e9ditation et guet-apens\"\/><\/p>\n<p class=\"p1\"><span class=\"s1\"><span class=\"c4\"><strong>Nous sommes \u00e0 la chambre criminelle pr\u00e8s la Cour d\u2019appel de Casablanca.<\/strong><\/span><\/span><span id=\"more-332381\"\/><\/p>\n<p class=\"p1\"><span class=\"s1\">Sa\u00efd, vingt-trois ans, se tient au box des accus\u00e9s. Il risque une lourde peine puisqu\u2019il est poursuivi pour homicide volontaire avec pr\u00e9m\u00e9ditation et guet-apens. Mais il se disculpe d\u00e8s l\u2019ouverture de son proc\u00e8s arguant qu\u2019il n\u2019a fait que se d\u00e9fendre. Une assertion que les t\u00e9moins r\u00e9cusent. Pour un premier t\u00e9moin qui n\u2019est autre que le veilleur de nuit, le mis en cause et son antagoniste se so\u00fblaient quand un malentendu a brum\u00e9 leur soir\u00e9e. Ce t\u00e9moin a pr\u00e9cis\u00e9 \u00e0 la Cour qu\u2019il ne conna\u00eet pas l\u2019objet de leur malentendu, mais il a vu le mis en cause rentrer chez lui pour retourner, arm\u00e9 d\u2019un couteau, vers son ami.<\/span><\/p>\n<p class=\"p1\"><span class=\"s1\">Sans se rendre compte, ce dernier qui a continu\u00e9 \u00e0 se so\u00fbler a re\u00e7u un coup de couteau au niveau du dos puis un autre en pleine poitrine. M\u00eame version racont\u00e9e par un autre t\u00e9moin qui se trouvait \u00e9galement sur la sc\u00e8ne du crime. Le mis en cause n\u2019en d\u00e9mord et assure qu\u2019il n\u2019avait pas l\u2019intention de le tuer. Pourtant quand il a \u00e9t\u00e9 arr\u00eat\u00e9 par la police et soumis aux interrogatoires, il a avou\u00e9 son crime tout en d\u00e9taillant les circonstances et r\u00e9v\u00e9lant le mobile.<\/span><\/p>\n<p class=\"p1\"><span class=\"s1\">A ce propos, il a r\u00e9v\u00e9l\u00e9 qu\u2019un joint \u00e9tait \u00e0 l\u2019origine de leur malentendu. Ils se sont \u00e9chang\u00e9 les reproches puis les injures. Les choses se sont envenim\u00e9es au point que le mis en cause s\u2019est rendu chez lui pour s\u2019armer d\u2019un couteau. Il est retourn\u00e9 chez son ami qui est rest\u00e9 \u00e0 sa place. Sans crier gare, il lui a ass\u00e9n\u00e9 un coup au dos. En se tournant vers lui tout en poussant un cri strident, il a re\u00e7u un autre coup \u00e0 la poitrine. Pas moins de quelques minutes, la victime, \u00e2g\u00e9e de vingt-huit ans, a rendu l\u2019\u00e2me. C\u2019est cette version que le repr\u00e9sentant du minist\u00e8re public a prise en compte pour requ\u00e9rir la peine maximale contre le mis en cause \u00e9paul\u00e9, dans le cadre de l\u2019assistance judiciaire, par un avocat. Celui-ci a demand\u00e9 de le faire b\u00e9n\u00e9ficier des circonstances att\u00e9nuantes.\u00a0<\/span><\/p>\n<\/div>\n<p>Auteur: Abderrafii ALOUMLIKI<br \/>\n<a href=\"http:\/\/aujourdhui.ma\/faits-divers\/casablanca-20-ans-de-prison-pour-homicide-volontaire-avec-premeditation-et-guet-apens\">Cliquez ici pour lire l&rsquo;article depuis sa source.<\/a><\/p>\n","protected":false},"excerpt":{"rendered":"<p>Nous sommes \u00e0 la chambre criminelle pr\u00e8s la Cour d\u2019appel de Casablanca. Sa\u00efd, vingt-trois ans, se tient au box des accus\u00e9s. Il risque une lourde peine puisqu\u2019il est poursuivi pour homicide volontaire avec pr\u00e9m\u00e9ditation et guet-apens. Mais il se disculpe d\u00e8s l\u2019ouverture de son proc\u00e8s arguant qu\u2019il n\u2019a fait que se d\u00e9fendre. Une assertion que [&hellip;]<\/p>\n","protected":false},"author":1759,"featured_media":0,"comment_status":"closed","ping_status":"closed","sticky":false,"template":"","format":"standard","meta":{"fifu_image_url":"","fifu_image_alt":"","footnotes":""},"categories":[73,54],"tags":[],"class_list":["post-75497","post","type-post","status-publish","format-standard","hentry","category-actualite","category-maroc"],"_links":{"self":[{"href":"https:\/\/linitiative.ca\/International\/wp-json\/wp\/v2\/posts\/75497","targetHints":{"allow":["GET"]}}],"collection":[{"href":"https:\/\/linitiative.ca\/International\/wp-json\/wp\/v2\/posts"}],"about":[{"href":"https:\/\/linitiative.ca\/International\/wp-json\/wp\/v2\/types\/post"}],"author":[{"embeddable":true,"href":"https:\/\/linitiative.ca\/International\/wp-json\/wp\/v2\/users\/1759"}],"replies":[{"embeddable":true,"href":"https:\/\/linitiative.ca\/International\/wp-json\/wp\/v2\/comments?post=75497"}],"version-history":[{"count":0,"href":"https:\/\/linitiative.ca\/International\/wp-json\/wp\/v2\/posts\/75497\/revisions"}],"wp:attachment":[{"href":"https:\/\/linitiative.ca\/International\/wp-json\/wp\/v2\/media?parent=75497"}],"wp:term":[{"taxonomy":"category","embeddable":true,"href":"https:\/\/linitiative.ca\/International\/wp-json\/wp\/v2\/categories?post=75497"},{"taxonomy":"post_tag","embeddable":true,"href":"https:\/\/linitiative.ca\/International\/wp-json\/wp\/v2\/tags?post=75497"}],"curies":[{"name":"wp","href":"https:\/\/api.w.org\/{rel}","templated":true}]}}