{"id":75499,"date":"2020-02-08T02:10:20","date_gmt":"2020-02-08T07:10:20","guid":{"rendered":"https:\/\/linitiative.ca\/International\/lartiste-peintre-noureddine-daifallah-presente-sa-monographie-le-20-fevrier-a-marrakech\/"},"modified":"2020-02-08T02:10:20","modified_gmt":"2020-02-08T07:10:20","slug":"lartiste-peintre-noureddine-daifallah-presente-sa-monographie-le-20-fevrier-a-marrakech","status":"publish","type":"post","link":"https:\/\/linitiative.ca\/International\/lartiste-peintre-noureddine-daifallah-presente-sa-monographie-le-20-fevrier-a-marrakech\/","title":{"rendered":"L\u2019artiste-peintre Noureddine Daifallah pr\u00e9sente  sa monographie le 20 f\u00e9vrier \u00e0 Marrakech"},"content":{"rendered":"<header>\n<\/header>\n<div class=\"entry-content clearfix\" readability=\"49\"><img decoding=\"async\" class=\"post_layout_5_img\" src=\"http:\/\/aujourdhui.ma\/wp-content\/uploads\/2020\/02\/Artiste-peintre-Noureddine-Daifallah.jpg?x29840\" alt=\"L\u2019artiste-peintre Noureddine Daifallah pr\u00e9sente sa monographie le 20 f\u00e9vrier \u00e0 Marrakech\"\/><\/p>\n<p class=\"p1\"><span class=\"s1\"><span class=\"c4\"><strong>L\u2019artiste-peintre et calligraphe Noureddine Daifallah, pr\u00e9sentera, le 20 f\u00e9vrier \u00e0 Marrakech, sa monographie intitul\u00e9e \u00abRenouveau et originalit\u00e9\u00bb et ce, dans le cadre d\u2019une somptueuse exposition qu\u2019abriteront les cimaises de la maison d\u2019art \u00abMatisse Art Gallery\u00bb.<\/strong><\/span><\/span> <span id=\"more-332319\"\/><\/p>\n<p class=\"p1\"><span class=\"s1\">Edit\u00e9 en 1.500 exemplaires, cet ouvrage, qui sera en vente d\u00e8s le mois de mars prochain, retrace la vie et le parcours artistique de Noureddine Daifallah.<\/span><\/p>\n<p class=\"p1\"><span class=\"s1\">Le livre est sign\u00e9 par l\u2019\u00e9crivain et critique d\u2019art, Abderrahmane Benhamza, qui a \u00e9crit des textes de critique et des monographies sur de nombreux artistes marocains et \u00e9trangers.<\/span><\/p>\n<\/div>\n<p>Auteur: ALM<br \/>\n<a href=\"http:\/\/aujourdhui.ma\/culture\/lartiste-peintre-noureddine-daifallah-presente-sa-monographie-le-20-fevrier-a-marrakech\">Cliquez ici pour lire l&rsquo;article depuis sa source.<\/a><\/p>\n","protected":false},"excerpt":{"rendered":"<p>L\u2019artiste-peintre et calligraphe Noureddine Daifallah, pr\u00e9sentera, le 20 f\u00e9vrier \u00e0 Marrakech, sa monographie intitul\u00e9e \u00abRenouveau et originalit\u00e9\u00bb et ce, dans le cadre d\u2019une somptueuse exposition qu\u2019abriteront les cimaises de la maison d\u2019art \u00abMatisse Art Gallery\u00bb. Edit\u00e9 en 1.500 exemplaires, cet ouvrage, qui sera en vente d\u00e8s le mois de mars prochain, retrace la vie et [&hellip;]<\/p>\n","protected":false},"author":1759,"featured_media":0,"comment_status":"closed","ping_status":"closed","sticky":false,"template":"","format":"standard","meta":{"fifu_image_url":"","fifu_image_alt":"","footnotes":""},"categories":[73,54],"tags":[],"class_list":["post-75499","post","type-post","status-publish","format-standard","hentry","category-actualite","category-maroc"],"_links":{"self":[{"href":"https:\/\/linitiative.ca\/International\/wp-json\/wp\/v2\/posts\/75499","targetHints":{"allow":["GET"]}}],"collection":[{"href":"https:\/\/linitiative.ca\/International\/wp-json\/wp\/v2\/posts"}],"about":[{"href":"https:\/\/linitiative.ca\/International\/wp-json\/wp\/v2\/types\/post"}],"author":[{"embeddable":true,"href":"https:\/\/linitiative.ca\/International\/wp-json\/wp\/v2\/users\/1759"}],"replies":[{"embeddable":true,"href":"https:\/\/linitiative.ca\/International\/wp-json\/wp\/v2\/comments?post=75499"}],"version-history":[{"count":0,"href":"https:\/\/linitiative.ca\/International\/wp-json\/wp\/v2\/posts\/75499\/revisions"}],"wp:attachment":[{"href":"https:\/\/linitiative.ca\/International\/wp-json\/wp\/v2\/media?parent=75499"}],"wp:term":[{"taxonomy":"category","embeddable":true,"href":"https:\/\/linitiative.ca\/International\/wp-json\/wp\/v2\/categories?post=75499"},{"taxonomy":"post_tag","embeddable":true,"href":"https:\/\/linitiative.ca\/International\/wp-json\/wp\/v2\/tags?post=75499"}],"curies":[{"name":"wp","href":"https:\/\/api.w.org\/{rel}","templated":true}]}}