{"id":75502,"date":"2020-02-08T07:01:45","date_gmt":"2020-02-08T12:01:45","guid":{"rendered":"https:\/\/linitiative.ca\/International\/concertation-sur-gouvernement-ennahdha-propose-un-panachage-de-personnalites\/"},"modified":"2020-02-08T07:01:45","modified_gmt":"2020-02-08T12:01:45","slug":"concertation-sur-gouvernement-ennahdha-propose-un-panachage-de-personnalites","status":"publish","type":"post","link":"https:\/\/linitiative.ca\/International\/concertation-sur-gouvernement-ennahdha-propose-un-panachage-de-personnalites\/","title":{"rendered":"Concertation sur gouvernement :  Ennahdha propose un panachage de personnalit\u00e9s"},"content":{"rendered":"<p>Le dirigeant d\u2019Ennahdha Imed Hammami, a indiqu\u00e9 que son parti a propos\u00e9 au chef du gouvernement d\u00e9sign\u00e9 Ely\u00e8s Fakhfakh, des personnalit\u00e9s comp\u00e9tentes et partisanes et d\u2019autres ind\u00e9pendantes \u00e9ligibles \u00e0 des postes minist\u00e9riels dans le prochain gouvernement.<\/p>\n<div>Hammami a d\u00e9clar\u00e9, \u00e0 l\u2019issue de sa rencontre avec Fakhfakh, vendredi, au palais Dar Dhiafa \u00e0 Carthage, qu\u2019il y aura d\u2019autres rencontres avec le chef du gouvernement d\u00e9sign\u00e9 \u00ab pour interagir avec les propositions de son parti \u00bb.Le chef du gouvernement d\u00e9sign\u00e9 n\u2019a pas de r\u00e9serves \u00e0 l\u2019\u00e9gard des personnalit\u00e9s propos\u00e9es, a-t-il affirm\u00e9, soulignant que son parti appelle \u00e0 la neutralit\u00e9 des minist\u00e8res de souverainet\u00e9.Il revient \u00e0 Fakhfakh de d\u00e9terminer les portefeuilles minist\u00e9riels qui seront confi\u00e9s \u00e0 Ennahdha et d\u2019annoncer la composition finale de son cabinet minist\u00e9riel avant de la soumettre au parlement, a ajout\u00e9 Hammami.Sur un autre plan, Hammami a fait observer que la rencontre tripartie qui a r\u00e9uni, jeudi, Ely\u00e8s Fakhfakh avec le pr\u00e9sident d\u2019Ennahdha Rached Ghannouchi et le pr\u00e9sident du parti Qalb Toun\u00e8s Nabil Karoui a mis un terme \u00e0 la tension entre Ennahdha et Fakhfakh.Le processus de formation du prochain gouvernement est sur le point de s\u2019achever, a-t-il affirm\u00e9.<\/div>\n<p class=\"dpsp-share-text\">Partager c&rsquo;est aimer!<\/p>\n<div class=\"wp-post-author-wrap wp-post-author-shortcode left\">\n<h3 class=\"awpa-title\"\/>\n<div class=\"wp-post-author\">\n<div class=\"awpa-img awpa-author-block square\"><a href=\"http:\/\/lexpertjournal.net\/fr\/author\/expert\/\"><img loading=\"lazy\" decoding=\"async\" alt=\"\" src=\"http:\/\/0.gravatar.com\/avatar\/c828f0b17d24309f0d01a4eac3747085?s=150&#038;d=mm&#038;r=g\" srcset=\"http:\/\/0.gravatar.com\/avatar\/c828f0b17d24309f0d01a4eac3747085?s=300&#038;d=mm&#038;r=g 2x\" class=\"avatar avatar-150 photo\" height=\"150\" width=\"150\"\/><\/a><\/div>\n<\/div>\n<\/div>\n<p>Auteur: L&rsquo;expert<br \/>\n<a href=\"http:\/\/lexpertjournal.net\/fr\/2020\/02\/08\/concertation-sur-gouvernement-ennahdha-propose-un-panachage-de-personnalites\/\">Cliquez ici pour lire l&rsquo;article depuis sa source.<\/a><\/p>\n","protected":false},"excerpt":{"rendered":"<p>Le dirigeant d\u2019Ennahdha Imed Hammami, a indiqu\u00e9 que son parti a propos\u00e9 au chef du gouvernement d\u00e9sign\u00e9 Ely\u00e8s Fakhfakh, des personnalit\u00e9s comp\u00e9tentes et partisanes et d\u2019autres ind\u00e9pendantes \u00e9ligibles \u00e0 des postes minist\u00e9riels dans le prochain gouvernement. Hammami a d\u00e9clar\u00e9, \u00e0 l\u2019issue de sa rencontre avec Fakhfakh, vendredi, au palais Dar Dhiafa \u00e0 Carthage, qu\u2019il y [&hellip;]<\/p>\n","protected":false},"author":1775,"featured_media":0,"comment_status":"closed","ping_status":"closed","sticky":false,"template":"","format":"standard","meta":{"fifu_image_url":"","fifu_image_alt":"","footnotes":""},"categories":[78,55],"tags":[],"class_list":["post-75502","post","type-post","status-publish","format-standard","hentry","category-economie","category-tunisie"],"_links":{"self":[{"href":"https:\/\/linitiative.ca\/International\/wp-json\/wp\/v2\/posts\/75502","targetHints":{"allow":["GET"]}}],"collection":[{"href":"https:\/\/linitiative.ca\/International\/wp-json\/wp\/v2\/posts"}],"about":[{"href":"https:\/\/linitiative.ca\/International\/wp-json\/wp\/v2\/types\/post"}],"author":[{"embeddable":true,"href":"https:\/\/linitiative.ca\/International\/wp-json\/wp\/v2\/users\/1775"}],"replies":[{"embeddable":true,"href":"https:\/\/linitiative.ca\/International\/wp-json\/wp\/v2\/comments?post=75502"}],"version-history":[{"count":0,"href":"https:\/\/linitiative.ca\/International\/wp-json\/wp\/v2\/posts\/75502\/revisions"}],"wp:attachment":[{"href":"https:\/\/linitiative.ca\/International\/wp-json\/wp\/v2\/media?parent=75502"}],"wp:term":[{"taxonomy":"category","embeddable":true,"href":"https:\/\/linitiative.ca\/International\/wp-json\/wp\/v2\/categories?post=75502"},{"taxonomy":"post_tag","embeddable":true,"href":"https:\/\/linitiative.ca\/International\/wp-json\/wp\/v2\/tags?post=75502"}],"curies":[{"name":"wp","href":"https:\/\/api.w.org\/{rel}","templated":true}]}}