{"id":75503,"date":"2020-02-08T07:56:48","date_gmt":"2020-02-08T12:56:48","guid":{"rendered":"https:\/\/linitiative.ca\/International\/formation-du-gouvernement-achaab-propose-6-candidats-pour-les-portefeuilles-ministeriels\/"},"modified":"2020-02-08T07:56:48","modified_gmt":"2020-02-08T12:56:48","slug":"formation-du-gouvernement-achaab-propose-6-candidats-pour-les-portefeuilles-ministeriels","status":"publish","type":"post","link":"https:\/\/linitiative.ca\/International\/formation-du-gouvernement-achaab-propose-6-candidats-pour-les-portefeuilles-ministeriels\/","title":{"rendered":"Formation du gouvernement : Ach\u00e2ab propose 6 candidats pour les portefeuilles minist\u00e9riels"},"content":{"rendered":"<p>Le secr\u00e9taire g\u00e9n\u00e9ral du Mouvement populaire, Zouheir Maghzaoui, a d\u00e9clar\u00e9 que son parti avait propos\u00e9 6 noms pour occuper des portefeuilles minist\u00e9riels dans le prochain gouvernement, dont les minist\u00e8res du commerce, de l\u2019agriculture, de l\u2019emploi et des sports.<\/p>\n<div>\u00ab Notre parti est en mesure de prendre en charge ces portefeuilles \u00bb, a-t-il soulign\u00e9 \u00e0 la presse, vendredi-apr\u00e8s-midi au terme d\u2019un entretien avec le chef du gouvernement d\u00e9sign\u00e9, Elyes Fakhakh, au Palais Dar Dhiafa \u00e0 Carthage.Maghzaoui a toutefois pr\u00e9cis\u00e9 que \u00ab le Mouvement populaire n\u2019est pas d\u2019accord pour que le nouveau gouvernement soit compos\u00e9 de ministres partisans et ind\u00e9pendants \u00bb, soulignant, \u00e0 cet \u00e9gard, que le mouvement \u00ab veut un gouvernement politique, dont la plupart des membres soient issus de partis, ce qui va permettre au gouvernement d\u2019obtenir le soutien politique n\u00e9cessaire \u00bb. \u00bbLa neutralisation des minist\u00e8res de souverainet\u00e9 n\u2019est pas l\u2019apanage de Fakhfakh, mais devrait plut\u00f4t faire l\u2019objet de concertations avec le reste des partis \u00bb, a-t-il affirm\u00e9.Le dirigeant du Mouvement populaire a toutefois laiss\u00e9 la porte ouverte \u00e0 ce propos, affirmant qu\u2019en cas de neutralisation par Fakhfakh des minist\u00e8res r\u00e9galiens \u00ab les personnalit\u00e9s propos\u00e9es ne doivent avoir aucun lien avec les partis ou \u00eatre suspect\u00e9es de corruption, outre leur comp\u00e9tence av\u00e9r\u00e9e n\u00e9cessaire \u00bb.Maghzaoui a pr\u00e9cis\u00e9 d\u2019autre part que le chef de gouvernement d\u00e9sign\u00e9 \u00ab a pr\u00e9sent\u00e9 son point de vue en attendant d\u2019autres s\u00e9ries de n\u00e9gociations \u00bb, faisant \u00e9tat de \u00ab progr\u00e8s sur certains points, sans avancer sur d\u2019autres, en particulier ceux concernant les ministres ind\u00e9pendants \u00bb. \u00bbPour le Mouvement populaire, le gouvernement Fakhfakh est celui du pr\u00e9sident et que l\u2019approche \u00e0 son \u00e9gard n\u2019est pas une approche parlementaire, mais il y a des \u00e9quilibres politiques qui doivent \u00eatre pris en consid\u00e9ration \u00bb, a ajout\u00e9 le dirigeant de ce parti qui s\u2019inscrit dans la mouvance du socialisme et du nationalisme arabe.Il a estim\u00e9 \u00e0 cet \u00e9gard qu\u2019Ennahdha \u00ab n\u2019a pas gagn\u00e9 \u00bb en insistant sur un \u00e9largissement du soutien politique \u00e0 Qalb Toun\u00e8s.<\/div>\n<p class=\"dpsp-share-text\">Partager c&rsquo;est aimer!<\/p>\n<div class=\"wp-post-author-wrap wp-post-author-shortcode left\">\n<h3 class=\"awpa-title\"\/>\n<div class=\"wp-post-author\">\n<div class=\"awpa-img awpa-author-block square\"><a href=\"http:\/\/lexpertjournal.net\/fr\/author\/expert\/\"><img loading=\"lazy\" decoding=\"async\" alt=\"\" src=\"http:\/\/0.gravatar.com\/avatar\/c828f0b17d24309f0d01a4eac3747085?s=150&#038;d=mm&#038;r=g\" srcset=\"http:\/\/0.gravatar.com\/avatar\/c828f0b17d24309f0d01a4eac3747085?s=300&#038;d=mm&#038;r=g 2x\" class=\"avatar avatar-150 photo\" height=\"150\" width=\"150\"\/><\/a><\/div>\n<\/div>\n<\/div>\n<p>Auteur: L&rsquo;expert<br \/>\n<a href=\"http:\/\/lexpertjournal.net\/fr\/2020\/02\/08\/formation-du-gouvernement-achaab-propose-6-candidats-pour-les-portefeuilles-ministeriels\/\">Cliquez ici pour lire l&rsquo;article depuis sa source.<\/a><\/p>\n","protected":false},"excerpt":{"rendered":"<p>Le secr\u00e9taire g\u00e9n\u00e9ral du Mouvement populaire, Zouheir Maghzaoui, a d\u00e9clar\u00e9 que son parti avait propos\u00e9 6 noms pour occuper des portefeuilles minist\u00e9riels dans le prochain gouvernement, dont les minist\u00e8res du commerce, de l\u2019agriculture, de l\u2019emploi et des sports. \u00ab Notre parti est en mesure de prendre en charge ces portefeuilles \u00bb, a-t-il soulign\u00e9 \u00e0 la [&hellip;]<\/p>\n","protected":false},"author":1775,"featured_media":0,"comment_status":"closed","ping_status":"closed","sticky":false,"template":"","format":"standard","meta":{"fifu_image_url":"","fifu_image_alt":"","footnotes":""},"categories":[78,55],"tags":[],"class_list":["post-75503","post","type-post","status-publish","format-standard","hentry","category-economie","category-tunisie"],"_links":{"self":[{"href":"https:\/\/linitiative.ca\/International\/wp-json\/wp\/v2\/posts\/75503","targetHints":{"allow":["GET"]}}],"collection":[{"href":"https:\/\/linitiative.ca\/International\/wp-json\/wp\/v2\/posts"}],"about":[{"href":"https:\/\/linitiative.ca\/International\/wp-json\/wp\/v2\/types\/post"}],"author":[{"embeddable":true,"href":"https:\/\/linitiative.ca\/International\/wp-json\/wp\/v2\/users\/1775"}],"replies":[{"embeddable":true,"href":"https:\/\/linitiative.ca\/International\/wp-json\/wp\/v2\/comments?post=75503"}],"version-history":[{"count":0,"href":"https:\/\/linitiative.ca\/International\/wp-json\/wp\/v2\/posts\/75503\/revisions"}],"wp:attachment":[{"href":"https:\/\/linitiative.ca\/International\/wp-json\/wp\/v2\/media?parent=75503"}],"wp:term":[{"taxonomy":"category","embeddable":true,"href":"https:\/\/linitiative.ca\/International\/wp-json\/wp\/v2\/categories?post=75503"},{"taxonomy":"post_tag","embeddable":true,"href":"https:\/\/linitiative.ca\/International\/wp-json\/wp\/v2\/tags?post=75503"}],"curies":[{"name":"wp","href":"https:\/\/api.w.org\/{rel}","templated":true}]}}