{"id":75504,"date":"2020-02-08T09:50:37","date_gmt":"2020-02-08T14:50:37","guid":{"rendered":"https:\/\/linitiative.ca\/International\/formation-du-gouvernement-fakhfakh-attache-a-sa-ceinture-politique\/"},"modified":"2020-02-08T09:50:37","modified_gmt":"2020-02-08T14:50:37","slug":"formation-du-gouvernement-fakhfakh-attache-a-sa-ceinture-politique","status":"publish","type":"post","link":"https:\/\/linitiative.ca\/International\/formation-du-gouvernement-fakhfakh-attache-a-sa-ceinture-politique\/","title":{"rendered":"Formation du gouvernement : Fakhfakh attach\u00e9 \u00e0 \u00ab sa \u00bb ceinture politique"},"content":{"rendered":"<p>Rim Mahjoub, dirigeante du parti Afek Toun\u00e8s a indiqu\u00e9 qu\u2019Ely\u00e8s Fakhfakh, charg\u00e9 par le pr\u00e9sident de la R\u00e9publique de former le gouvernement a affirm\u00e9 son attachement \u00e0 la ceinture politique annonc\u00e9e pr\u00e9c\u00e9demment et \u00e0 une composition gouvernementale qui ne comprend pas Qalb Toun\u00e8s.<\/p>\n<div>A l\u2019issue de sa rencontre samedi matin avec Ely\u00e8s Fakhfakh, la dirigeante d\u2019Afek Toun\u00e8s a pr\u00e9cis\u00e9 que son parti n\u2019a pas demand\u00e9 des portefeuilles minist\u00e9riels. Pour l\u2019heure, cette question ne figure pas dans les priorit\u00e9s du parti, a-t-il souligne.Mahjoub a affirm\u00e9 que le plus important pour son parti est le projet \u00e9conomique et social du gouvernement ainsi que la d\u00e9marche qui sera adopt\u00e9e pour la r\u00e9alisation des r\u00e9formes dans tous les domaines.Afek Toun\u00e8s occupe deux si\u00e8ges au parlement.<\/div>\n<p class=\"dpsp-share-text\">Partager c&rsquo;est aimer!<\/p>\n<div class=\"wp-post-author-wrap wp-post-author-shortcode left\">\n<h3 class=\"awpa-title\"\/>\n<div class=\"wp-post-author\">\n<div class=\"awpa-img awpa-author-block square\"><a href=\"http:\/\/lexpertjournal.net\/fr\/author\/expert\/\"><img loading=\"lazy\" decoding=\"async\" alt=\"\" src=\"http:\/\/0.gravatar.com\/avatar\/c828f0b17d24309f0d01a4eac3747085?s=150&#038;d=mm&#038;r=g\" srcset=\"http:\/\/0.gravatar.com\/avatar\/c828f0b17d24309f0d01a4eac3747085?s=300&#038;d=mm&#038;r=g 2x\" class=\"avatar avatar-150 photo\" height=\"150\" width=\"150\"\/><\/a><\/div>\n<\/div>\n<\/div>\n<p>Auteur: L&rsquo;expert<br \/>\n<a href=\"http:\/\/lexpertjournal.net\/fr\/2020\/02\/08\/formation-du-gouvernement-fakhfakh-attache-a-sa-ceinture-politique\/\">Cliquez ici pour lire l&rsquo;article depuis sa source.<\/a><\/p>\n","protected":false},"excerpt":{"rendered":"<p>Rim Mahjoub, dirigeante du parti Afek Toun\u00e8s a indiqu\u00e9 qu\u2019Ely\u00e8s Fakhfakh, charg\u00e9 par le pr\u00e9sident de la R\u00e9publique de former le gouvernement a affirm\u00e9 son attachement \u00e0 la ceinture politique annonc\u00e9e pr\u00e9c\u00e9demment et \u00e0 une composition gouvernementale qui ne comprend pas Qalb Toun\u00e8s. A l\u2019issue de sa rencontre samedi matin avec Ely\u00e8s Fakhfakh, la dirigeante [&hellip;]<\/p>\n","protected":false},"author":1775,"featured_media":0,"comment_status":"closed","ping_status":"closed","sticky":false,"template":"","format":"standard","meta":{"fifu_image_url":"","fifu_image_alt":"","footnotes":""},"categories":[78,55],"tags":[],"class_list":["post-75504","post","type-post","status-publish","format-standard","hentry","category-economie","category-tunisie"],"_links":{"self":[{"href":"https:\/\/linitiative.ca\/International\/wp-json\/wp\/v2\/posts\/75504","targetHints":{"allow":["GET"]}}],"collection":[{"href":"https:\/\/linitiative.ca\/International\/wp-json\/wp\/v2\/posts"}],"about":[{"href":"https:\/\/linitiative.ca\/International\/wp-json\/wp\/v2\/types\/post"}],"author":[{"embeddable":true,"href":"https:\/\/linitiative.ca\/International\/wp-json\/wp\/v2\/users\/1775"}],"replies":[{"embeddable":true,"href":"https:\/\/linitiative.ca\/International\/wp-json\/wp\/v2\/comments?post=75504"}],"version-history":[{"count":0,"href":"https:\/\/linitiative.ca\/International\/wp-json\/wp\/v2\/posts\/75504\/revisions"}],"wp:attachment":[{"href":"https:\/\/linitiative.ca\/International\/wp-json\/wp\/v2\/media?parent=75504"}],"wp:term":[{"taxonomy":"category","embeddable":true,"href":"https:\/\/linitiative.ca\/International\/wp-json\/wp\/v2\/categories?post=75504"},{"taxonomy":"post_tag","embeddable":true,"href":"https:\/\/linitiative.ca\/International\/wp-json\/wp\/v2\/tags?post=75504"}],"curies":[{"name":"wp","href":"https:\/\/api.w.org\/{rel}","templated":true}]}}