{"id":75505,"date":"2020-02-08T13:04:04","date_gmt":"2020-02-08T18:04:04","guid":{"rendered":"https:\/\/linitiative.ca\/International\/kef-exposition-tuniso-algerienne-de-creations-artisanales\/"},"modified":"2020-02-08T13:04:04","modified_gmt":"2020-02-08T18:04:04","slug":"kef-exposition-tuniso-algerienne-de-creations-artisanales","status":"publish","type":"post","link":"https:\/\/linitiative.ca\/International\/kef-exposition-tuniso-algerienne-de-creations-artisanales\/","title":{"rendered":"Kef : Exposition tuniso-alg\u00e9rienne de cr\u00e9ations artisanales"},"content":{"rendered":"<p><span class=\"sp-nh-title\">Casbah d&rsquo;Alger: les habitants de 120 b\u00e2tisses class\u00e9es rouge attendent leur relogement<\/span> &#8211; <span class=\"sp-nh-date\">samedi 8 f\u00e9vrier 2020 18:15<\/span><\/p>\n<p><span class=\"sp-nh-title\">La RASD participe au 33\u00e8me sommet ordinaire de l&rsquo;UA \u00e0 la lumi\u00e8re de nouvelles victoires diplomatiques<\/span> &#8211; <span class=\"sp-nh-date\">samedi 8 f\u00e9vrier 2020 18:09<\/span><\/p>\n<p><span class=\"sp-nh-title\">Hypertension pulmonaire: l&rsquo;am\u00e9lioration de la prise en charge des patients<\/span> &#8211; <span class=\"sp-nh-date\">samedi 8 f\u00e9vrier 2020 18:02<\/span><\/p>\n<p><span class=\"sp-nh-title\">D\u00e9but \u00e0 Addis Abeba du sommet du CPS sur la Libye et le Sahel<\/span> &#8211; <span class=\"sp-nh-date\">samedi 8 f\u00e9vrier 2020 17:55<\/span><\/p>\n<p><span class=\"sp-nh-title\">Illizi: mise en terre de 11 arbustes de Cypr\u00e8s du Tassili \u00e0 Djanet par l\u2019ambassadrice de la R\u00e9publique Ch\u00e8que en Alg\u00e9rie<\/span> &#8211; <span class=\"sp-nh-date\">samedi 8 f\u00e9vrier 2020 17:41<\/span><\/p>\n<p><span class=\"sp-nh-title\">La s\u00e9cheresse et d\u2019autres facteurs anthropiques menacent la zone humide<\/span> &#8211; <span class=\"sp-nh-date\">samedi 8 f\u00e9vrier 2020 17:31<\/span><\/p>\n<p><span class=\"sp-nh-title\">Un programme de travail commun alg\u00e9ro-tunisien de lutte contre le terrorisme transfrontalier<\/span> &#8211; <span class=\"sp-nh-date\">samedi 8 f\u00e9vrier 2020 17:22<\/span><\/p>\n<p><span class=\"sp-nh-title\">Protection des investisseurs : l&rsquo;Alg\u00e9rie dispose d&rsquo;un cadre juridique favorable<\/span> &#8211; <span class=\"sp-nh-date\">samedi 8 f\u00e9vrier 2020 17:03<\/span><\/p>\n<p><span class=\"sp-nh-title\">Football \/ Tournoi de l&rsquo;UNAF (dames): la s\u00e9lection alg\u00e9rienne d\u00e9butera contre le Maroc<\/span> &#8211; <span class=\"sp-nh-date\">samedi 8 f\u00e9vrier 2020 16:44<\/span><\/p>\n<p><span class=\"sp-nh-title\">Ain T\u00e9mouchent : lancement des travaux de r\u00e9alisation de 30 stades de proximit\u00e9, r\u00e9habilitation de 18 autres communaux<\/span> &#8211; <span class=\"sp-nh-date\">samedi 8 f\u00e9vrier 2020 16:32<\/span><\/p>\n<p><span class=\"sp-nh-title\">Libye: Guterres juge scandaleux la poursuite des violations de l\u2019embargo sur les armes<\/span> &#8211; <span class=\"sp-nh-date\">samedi 8 f\u00e9vrier 2020 16:14<\/span><\/p>\n<p><span class=\"sp-nh-title\">Deux \u00e9l\u00e9ments de soutien aux groupes terroristes appr\u00e9hend\u00e9s \u00e0 M\u00e9d\u00e9a et Khenchela<\/span> &#8211; <span class=\"sp-nh-date\">samedi 8 f\u00e9vrier 2020 15:54<\/span><\/p>\n<p><span class=\"sp-nh-title\">Les massacres de Sakiet Sidi Youcef t\u00e9moins de l\u2019atrocit\u00e9 d\u2019un colonialisme fran\u00e7ais<\/span> &#8211; <span class=\"sp-nh-date\">samedi 8 f\u00e9vrier 2020 14:46<\/span><\/p>\n<p><span class=\"sp-nh-title\">Libye\/Sahel : Sommet du CPS \u00e0 Addis Abeba pour juguler les deux crises<\/span> &#8211; <span class=\"sp-nh-date\">samedi 8 f\u00e9vrier 2020 14:12<\/span><\/p>\n<p><span class=\"sp-nh-title\">Le repr\u00e9sentant sahraoui \u00e0 Washington prononce un discours au nom de l&rsquo;Afrique au S\u00e9nat am\u00e9ricain<\/span> &#8211; <span class=\"sp-nh-date\">samedi 8 f\u00e9vrier 2020 13:58<\/span><\/p>\n<p><span class=\"sp-nh-title\">Le moudjahid Ch\u00e9rif Zennadi n\u2019est plus<\/span> &#8211; <span class=\"sp-nh-date\">samedi 8 f\u00e9vrier 2020 13:49<\/span><\/p>\n<p><span class=\"sp-nh-title\">Coup d&rsquo;envoi d&rsquo;une caravane de solidarit\u00e9 au profit des r\u00e9gions \u00e9loign\u00e9es de M&rsquo;sila et de Bordj Bou Arreridj \u00a0<\/span> &#8211; <span class=\"sp-nh-date\">samedi 8 f\u00e9vrier 2020 13:40<\/span><\/p>\n<p><span class=\"sp-nh-title\">Zitouni se recueille en compagnie de la d\u00e9l\u00e9gation tunisienne \u00e0 la m\u00e9moire des martyrs de Sakiet Sidi Youcef<\/span> &#8211; <span class=\"sp-nh-date\">samedi 8 f\u00e9vrier 2020 13:22<\/span><\/p>\n<p><span class=\"sp-nh-title\">Abbas Righi rend hommage au ma\u00eetre du Malouf Kaddour Darsouni<\/span> &#8211; <span class=\"sp-nh-date\">samedi 8 f\u00e9vrier 2020 13:09<\/span><\/p>\n<p><span class=\"sp-nh-title\">Le pr\u00e9sident Tebboune se rend \u00e0 Addis Abeba pour participer au 33e sommet ordinaire de l&rsquo;UA<\/span> &#8211; <span class=\"sp-nh-date\">samedi 8 f\u00e9vrier 2020 12:55<\/span><\/p>\n<p>Auteur:<br \/>\n<a href=\"http:\/\/www.aps.dz\/culture\/101281-kef-exposition-tuniso-algerienne-de-creations-artisanales\">Cliquez ici pour lire l&rsquo;article depuis sa source.<\/a><\/p>\n","protected":false},"excerpt":{"rendered":"<p>Casbah d&rsquo;Alger: les habitants de 120 b\u00e2tisses class\u00e9es rouge attendent leur relogement &#8211; samedi 8 f\u00e9vrier 2020 18:15 La RASD participe au 33\u00e8me sommet ordinaire de l&rsquo;UA \u00e0 la lumi\u00e8re de nouvelles victoires diplomatiques &#8211; samedi 8 f\u00e9vrier 2020 18:09 Hypertension pulmonaire: l&rsquo;am\u00e9lioration de la prise en charge des patients &#8211; samedi 8 f\u00e9vrier 2020 [&hellip;]<\/p>\n","protected":false},"author":1790,"featured_media":0,"comment_status":"closed","ping_status":"closed","sticky":false,"template":"","format":"standard","meta":{"fifu_image_url":"","fifu_image_alt":"","footnotes":""},"categories":[53,79],"tags":[],"class_list":["post-75505","post","type-post","status-publish","format-standard","hentry","category-algerie","category-culture"],"_links":{"self":[{"href":"https:\/\/linitiative.ca\/International\/wp-json\/wp\/v2\/posts\/75505","targetHints":{"allow":["GET"]}}],"collection":[{"href":"https:\/\/linitiative.ca\/International\/wp-json\/wp\/v2\/posts"}],"about":[{"href":"https:\/\/linitiative.ca\/International\/wp-json\/wp\/v2\/types\/post"}],"author":[{"embeddable":true,"href":"https:\/\/linitiative.ca\/International\/wp-json\/wp\/v2\/users\/1790"}],"replies":[{"embeddable":true,"href":"https:\/\/linitiative.ca\/International\/wp-json\/wp\/v2\/comments?post=75505"}],"version-history":[{"count":0,"href":"https:\/\/linitiative.ca\/International\/wp-json\/wp\/v2\/posts\/75505\/revisions"}],"wp:attachment":[{"href":"https:\/\/linitiative.ca\/International\/wp-json\/wp\/v2\/media?parent=75505"}],"wp:term":[{"taxonomy":"category","embeddable":true,"href":"https:\/\/linitiative.ca\/International\/wp-json\/wp\/v2\/categories?post=75505"},{"taxonomy":"post_tag","embeddable":true,"href":"https:\/\/linitiative.ca\/International\/wp-json\/wp\/v2\/tags?post=75505"}],"curies":[{"name":"wp","href":"https:\/\/api.w.org\/{rel}","templated":true}]}}