{"id":75506,"date":"2020-02-08T13:04:29","date_gmt":"2020-02-08T18:04:29","guid":{"rendered":"https:\/\/linitiative.ca\/International\/abbas-righi-rend-hommage-au-maitre-du-malouf-kaddour-darsouni\/"},"modified":"2020-02-08T13:04:29","modified_gmt":"2020-02-08T18:04:29","slug":"abbas-righi-rend-hommage-au-maitre-du-malouf-kaddour-darsouni","status":"publish","type":"post","link":"https:\/\/linitiative.ca\/International\/abbas-righi-rend-hommage-au-maitre-du-malouf-kaddour-darsouni\/","title":{"rendered":"Abbas Righi rend hommage au ma\u00eetre  du Malouf Kaddour Darsouni"},"content":{"rendered":"<div readability=\"37\">\n<p><strong>ALGER- Le chanteur andalou Abbas Righi a rendu vendredi soir \u00e0 Alger un vibrant hommage \u00e0 son mentor, Cheikh Kaddour Darsouni, un des ma\u00eetres formateur de la chanson malouf, \u00e0 travers un cocktail de chansons dans le genre constantinois.<\/strong><\/p>\n<\/div>\n<div readability=\"139.5\">\n<p>Le nombreux public de l\u2019Op\u00e9ra d\u2019Alger a pu appr\u00e9cier deux heures et demie durant, un floril\u00e8ge de chansons malouf, brillamment interpr\u00e9t\u00e9es par Abbas Righi, venu en \u00ab\u00a0\u00e9l\u00e8ve\u00a0\u00bb, a-t-il d\u00e9clar\u00e9, pour dire \u00ab\u00a0merci\u00a0\u00bb \u00e0 son ma\u00eetre, Cheikh Kaddour Darsouni qui lui aura \u00ab\u00a0tout appris\u00a0\u00bb, selon lui.<\/p>\n<blockquote readability=\"13\">\n<p><em><strong>Absent \u00e0 cet hommage pour \u00ab\u00a0des raisons de sant\u00e9\u00a0\u00bb, Cheikh Kaddour Darsouni, enseignant et fin p\u00e9dagogue a form\u00e9 \u00ab\u00a0quatre g\u00e9n\u00e9rations d\u2019artistes\u00a0\u00bb, entre musiciens et interpr\u00e8tes. Lui rendre hommage \u00e0 Alger est une mani\u00e8re de \u00ab\u00a0donner \u00e0 cet \u00e9v\u00e8nement qui compte beaucoup pour moi\u00a0\u00bb, une dimension extralocale, a expliqu\u00e9 l&rsquo;artiste.<\/strong><\/em><\/p>\n<\/blockquote>\n<p>\u00ab\u00a0C\u2019est gr\u00e2ce \u00e0 lui (Cheikh Kaddour Darsouni) que je suis devant vous ce soir ( ), je lui dois toute ma carri\u00e8re\u00a0\u00bb, a d\u00e9clar\u00e9 Abbas Righi devant le public qui a accueilli cet \u00ab\u00a0aveu de grand homme\u00a0\u00bb, avec des youyous et une salve d\u2019applaudissements.<\/p>\n<p>Accompagn\u00e9 par une dizaine de musiciens-virtuoses dont Samir Benkredera au violon et Hakim Benchafra au qanun, l\u2019artiste a interpr\u00e9t\u00e9 avec une voix pr\u00e9sente et \u00e9toff\u00e9e, \u00ab\u00a0Nouba Raml K\u2019bir- Chems el \u00e2chiya\u00a0\u00bb, \u00ab\u00a0premier enseignement\u00a0\u00bb du ma\u00eetre \u00e0 son \u00e9l\u00e8ve, a encore expliqu\u00e9 Abbas Righi.<\/p>\n<p>Parmi la quinzaine de pi\u00e8ces qui ont constitu\u00e9 le programme de la soir\u00e9e, \u00ab\u00a0Chems el \u00e2chiya\u00a0\u00bb, \u00ab\u00a0\u00e2la ch\u2019houb el \u00e2chiya\u00a0\u00bb, \u00ab\u00a0Bo\u00e2d ad\u2019diyar\u00a0\u00bb, \u00ab\u00a0Bah istibari\u00a0\u00bb, \u00ab\u00a0Harramtou bik nou\u00e2ssi\u00a0\u00bb, \u00ab\u00a0Lawn el assel\u00a0\u00bb, \u00ab\u00a0Dhalma\u00a0\u00bb, \u00ab\u00a0men fraggh\u2019zali\u00a0\u00bb, \u00ab\u00a0?chiq menhoun\u00a0\u00bb, \u00ab\u00a0Sid Et\u2019taleb\u00a0\u00bb, \u00ab\u00a0Hamma ya Hamma\u00a0\u00bb et \u00ab\u00a0Ksentina\u00a0\u00bb.<\/p>\n<p>Les sonorit\u00e9s aigues des violons et du nay (fl\u00fbte arabe), la densit\u00e9 des notes \u00e9mises par le Oud et la cadence rythmique maintenue par les \u00ab\u00a0Nekkaret\u00a0\u00bb (petite percussion \u00e0 deux tambours), ont dessin\u00e9 dans l\u2019espace de la salle les traits et donn\u00e9 le ton du genre Malouf.<\/p>\n<blockquote readability=\"15\">\n<p><em><strong>Dans une ambiance de grands soirs, Abbas Righi, \u00e9poustouflant d\u2019\u00e9nergie, a livr\u00e9 une prestation pleine, o\u00f9 il a g\u00e9n\u00e9reusement mis en valeur le patrimoine musical du registre constantinois, faisant part, tout en\u00a0sourire, de son \u00ab\u00a0bonheur\u00a0\u00bb de chanter pour un public \u00ab\u00a0aussi r\u00e9ceptif et accueillant\u00a0\u00bb.<\/strong><\/em><\/p>\n<\/blockquote>\n<p>C\u00e9dant au d\u00e9hanchement, les spectateurs, ont accompagn\u00e9 le chanteur durant tout le long du concert en battant la mesure avec les mains et en reprenant ses refrains.<\/p>\n<p>Pr\u00e9sents \u00e0 la c\u00e9r\u00e9monie, les proches et les membres de la famille de Cheikh Kaddour Darsouni se sont vu remettre le troph\u00e9e honorifique, la compilation en quatre CD du chanteur ainsi que quelques cadeaux symboliques par Abbas Righi et le directeur de l&rsquo;Op\u00e9ra d&rsquo;Alger, Noureddine Saoudi sous les applaudissements et les youyous de l&rsquo;assistance.<\/p>\n<p>N\u00e9 en 1984, Abbas Righi s\u2019est d\u00e8s son jeune \u00e2ge int\u00e9ress\u00e9 \u00e0 la musique andalouse dans sa variante malouf qui constitue l\u2019Ecole de Constantine, aux c\u00f4t\u00e9s de celles des genres, \u00ab\u00a0Sen\u00e2a\u00a0\u00bb \u00e0 Alger et \u00ab\u00a0El Ghernati\u00a0\u00bb \u00e0 Tlemcen.<\/p>\n<p>Apr\u00e8s un passage \u00e0 la \u00ab\u00a0Zaouia Rahmania\u00a0\u00bb et \u00e0 l\u2019association \u00ab\u00a0El Aqiqia El Aissaouia\u00a0\u00bb o\u00f9 il s\u2019est impr\u00e9gn\u00e9 du genre soufi, il opte pour le malouf qui deviendra vite son genre de pr\u00e9dilection.<\/p>\n<p>En 2002, il int\u00e8gre l\u2019association des \u00ab\u00a0El\u00e8ves de l\u2019Institut du Malouf\u00a0\u00bb, dirig\u00e9e alors par Cheikh Kaddour Darsouni qui verra vite en lui une \u00ab\u00a0future grande voix\u00a0\u00bb et l\u2019initiera \u00e0 la maitrise de la percussion, pr\u00e9alable\u00a0n\u00e9cessaire \u00e0 l\u2019acquisition d\u2019une bonne musicalit\u00e9.<\/p>\n<blockquote readability=\"14\">\n<p><em><strong>Quelques ann\u00e9es plus tard, il est chanteur et luthiste de son propre orchestre pour arriver au prix de plusieurs ann\u00e9es de travail \u00e0 participer \u00e0 nombre de manifestations artistiques en Alg\u00e9rie et \u00e0 l&rsquo;\u00e9tranger\u00a0notamment, au Kazakhstan, Cor\u00e9e du Sud, Japon, Tunisie, Canada et au Qatar entre autre.<\/strong><\/em><\/p>\n<\/blockquote>\n<p>Abbas Righi compte sur le march\u00e9 quatre albums, \u00ab\u00a0Mejrouh\u00a0\u00bb (2010),\u00a0\u00bbZadni hwak ghram\u00a0\u00bb (2012), \u00ab\u00a0Ama sebba lahbab\u00a0\u00bb (2016), \u00ab\u00a0Salah Bey\u00a0\u00bb, (2017) et une \u00ab\u00a0synth\u00e8se\u00a0\u00bb de quatre CD sur la chanson constantinoise \u00ab\u00a0dans ses diff\u00e9rents genres\u00a0\u00bb, selon l\u2019artiste, pr\u00e9sent\u00e9e sous le titre de, \u00ab\u00a0Couleurs de Constantine\u00a0\u00bb.<\/p>\n<\/div>\n<p>Auteur:<br \/>\n<a href=\"http:\/\/www.aps.dz\/culture\/101286-abbas-righi-rend-hommage-au-maitre-du-malouf-kaddour-darsouni\">Cliquez ici pour lire l&rsquo;article depuis sa source.<\/a><\/p>\n","protected":false},"excerpt":{"rendered":"<p>ALGER- Le chanteur andalou Abbas Righi a rendu vendredi soir \u00e0 Alger un vibrant hommage \u00e0 son mentor, Cheikh Kaddour Darsouni, un des ma\u00eetres formateur de la chanson malouf, \u00e0 travers un cocktail de chansons dans le genre constantinois. Le nombreux public de l\u2019Op\u00e9ra d\u2019Alger a pu appr\u00e9cier deux heures et demie durant, un floril\u00e8ge [&hellip;]<\/p>\n","protected":false},"author":1790,"featured_media":0,"comment_status":"closed","ping_status":"closed","sticky":false,"template":"","format":"standard","meta":{"fifu_image_url":"","fifu_image_alt":"","footnotes":""},"categories":[53,79],"tags":[],"class_list":["post-75506","post","type-post","status-publish","format-standard","hentry","category-algerie","category-culture"],"_links":{"self":[{"href":"https:\/\/linitiative.ca\/International\/wp-json\/wp\/v2\/posts\/75506","targetHints":{"allow":["GET"]}}],"collection":[{"href":"https:\/\/linitiative.ca\/International\/wp-json\/wp\/v2\/posts"}],"about":[{"href":"https:\/\/linitiative.ca\/International\/wp-json\/wp\/v2\/types\/post"}],"author":[{"embeddable":true,"href":"https:\/\/linitiative.ca\/International\/wp-json\/wp\/v2\/users\/1790"}],"replies":[{"embeddable":true,"href":"https:\/\/linitiative.ca\/International\/wp-json\/wp\/v2\/comments?post=75506"}],"version-history":[{"count":0,"href":"https:\/\/linitiative.ca\/International\/wp-json\/wp\/v2\/posts\/75506\/revisions"}],"wp:attachment":[{"href":"https:\/\/linitiative.ca\/International\/wp-json\/wp\/v2\/media?parent=75506"}],"wp:term":[{"taxonomy":"category","embeddable":true,"href":"https:\/\/linitiative.ca\/International\/wp-json\/wp\/v2\/categories?post=75506"},{"taxonomy":"post_tag","embeddable":true,"href":"https:\/\/linitiative.ca\/International\/wp-json\/wp\/v2\/tags?post=75506"}],"curies":[{"name":"wp","href":"https:\/\/api.w.org\/{rel}","templated":true}]}}