{"id":75512,"date":"2020-02-07T18:26:53","date_gmt":"2020-02-07T23:26:53","guid":{"rendered":"https:\/\/linitiative.ca\/International\/le-renseignement-un-outil-indispensable-face-aux-menaces-securitaires\/"},"modified":"2020-02-07T18:26:53","modified_gmt":"2020-02-07T23:26:53","slug":"le-renseignement-un-outil-indispensable-face-aux-menaces-securitaires","status":"publish","type":"post","link":"https:\/\/linitiative.ca\/International\/le-renseignement-un-outil-indispensable-face-aux-menaces-securitaires\/","title":{"rendered":"Le renseignement, un outil indispensable face aux menaces s\u00e9curitaires"},"content":{"rendered":"<div readability=\"41\">\n<p>Marrakech \u2013 Le renseignement constitue \u00e0 l\u2019\u00e8re de la mondialisation et du boom technologique, un outil indispensable \u00e0 m\u00eame de permettre de mieux analyser, identifier, anticiper et faire face aux menaces s\u00e9curitaires globalis\u00e9es, ont soulign\u00e9, vendredi \u00e0 Marrakech, les participants \u00e0 la 11\u00e8 \u00e9dition du Marrakech Security Forum (MSF-2020).<\/p>\n<\/div>\n<div readability=\"142\">\n<p>Les participants \u00e0 une s\u00e9ance de travail ax\u00e9e sur \u00ab\u00a0le renseignement \u00e0 l\u2019\u00e8re de la mondialisation et des menaces globalis\u00e9es\u00a0\u00bb, ont mis en avant l\u2019importance de la question du renseignement dans un \u00e9cosyst\u00e8me mondial et mondialis\u00e9 en net changement, rappelant que gr\u00e2ce aux nouvelles technologies de l\u2019information et de la communication (NTIC) on est plus devant un champ de renseignement de plus en plus ouvert.<\/p>\n<p>Apr\u00e8s s\u2019\u00eatre attard\u00e9s sur le concept de renseignement ainsi que sur les diff\u00e9rentes \u00e9tape de son \u00e9volution, ils ont mis en avant l\u2019importance du renseignement comme outil d\u2019analyse des donn\u00e9es, d\u2019identification de menaces et risques et voie vers l\u2019adoption de solutions qui doivent \u00eatre \u00e0 la fois \u00ab\u00a0rapides\u00a0\u00bb et \u00ab\u00a0efficaces\u00a0\u00bb et ce, dans le cadre d\u2019une approche anticipative et pr\u00e9ventive.<\/p>\n<p>Tout en soulignant le caract\u00e8re de plus en plus transnational et transfrontalier des menaces et d\u00e9fis s\u00e9curitaires \u00e0 l\u2019image du crime organis\u00e9, de la n\u00e9buleuse terroriste, de la cybercriminalit\u00e9 et de la mont\u00e9e de l\u2019extr\u00e9misme id\u00e9ologique et religieux, ils ont mis l\u2019accent sur l\u2019importance de favoriser l\u2019action collective, de promouvoir la coop\u00e9ration bilat\u00e9rale et multilat\u00e9rale et d\u2019oeuvrer pour la cr\u00e9ation d\u2019une communaut\u00e9 de renseignement capable d\u2019agir pour le bien commun et au profit de l\u2019humanit\u00e9 et ce, loin du seul cadre \u00e9troit des int\u00e9r\u00eats nationaux.<\/p>\n<p>\u00ab\u00a0Si le renseignement demeure un domaine confidentiel et souverain pour les Etats, il est appel\u00e9 plus que jamais \u00e0 s\u2019internationaliser, notamment face \u00e0 la mont\u00e9e en puissance des menaces et d\u00e9fis s\u00e9curitaires \u00e9mergents\u00a0\u00bb, ont-ils dit, relevant que le renseignement est un domaine multidisciplinaire tr\u00e8s \u00ab\u00a0pointu\u00a0\u00bb qui requi\u00e8re des comp\u00e9tences av\u00e9r\u00e9es, des connaissances approfondies et une capacit\u00e9 \u00e9lev\u00e9e d\u2019analyse et d\u2019appr\u00e9ciation des risques et menaces, pour contribuer avec \u00ab\u00a0efficience\u00a0\u00bb et \u00ab\u00a0c\u00e9l\u00e9rit\u00e9\u00a0\u00bb au processus de prise de d\u00e9cisions sur le plan s\u00e9curitaire.<\/p>\n<p>Et de poursuivre que si le renseignement est ouvert \u00e0 tous les domaines politique, \u00e9conomique, strat\u00e9gique et autres, tout d\u00e9veloppement et progr\u00e8s en la mati\u00e8re ne pourrait que contribuer \u00e0 une nette am\u00e9lioration de la s\u00e9curit\u00e9 collective dont le monde a besoin actuellement.<\/p>\n<p>Les pan\u00e9listes ont, en outre, mis en avant l\u2019importance pour les Etats d\u2019agir la main dans la main en vue d\u2019asseoir une communaut\u00e9 de renseignement plus \u00ab\u00a0flexible\u00a0\u00bb et \u00ab\u00a0inclusive\u00a0\u00bb, notant que l\u2019objectif est de parvenir \u00e0 fournir des r\u00e9ponses syst\u00e9matiques, \u00e0 cr\u00e9er des groupes de travail et des \u00e9quipes multidisciplinaires habilit\u00e9s \u00e0 agir en synergie et \u00e0 fusionner les sources d\u2019information pour un renseignement fiable et v\u00e9rifi\u00e9.<\/p>\n<p>Apr\u00e8s avoir mis en avant le caract\u00e8re compl\u00e9mentaire du renseignement et de la recherche scientifique, ils ont estim\u00e9 qu\u2019\u00e0 l\u2019\u00e8re des menaces globalis\u00e9es, le renseignement doit avoir cette capacit\u00e9 de couvrir des territoires g\u00e9ographiques larges, de suivre des objectifs mobiles et d\u2019apporter des solutions efficaces \u00e0 nombre de ph\u00e9nom\u00e8nes caract\u00e9ris\u00e9s par leur impr\u00e9visibilit\u00e9 et leur vocation \u00e9volutive.<\/p>\n<p>A leurs yeux, le renseignement constitue, plus que jamais, un axe prioritaire pour mettre au point une r\u00e9ponse collective et pertinente.<\/p>\n<p>Et de poursuivre que les Etats africains sont appel\u00e9s \u00e0 se doter de moyens technologiques et humains capables de faire face aux nouvelles menaces et \u00e0 b\u00e2tir un dispositif de renseignement autonome.<\/p>\n<p>\u00ab\u00a0Ces Etats devraient \u00e9galement donner la priorit\u00e9 \u00e0 une action concert\u00e9e entre eux, condition n\u00e9cessaire pour lutter contre les ph\u00e9nom\u00e8nes d\u2019ins\u00e9curit\u00e9\u00a0\u00bb, ont-ils conclu.<\/p>\n<p>Initi\u00e9 sous le th\u00e8me \u00ab\u00a0l\u2019Afrique \u00e0 l\u2019\u00e9preuve des terrorismes et des menaces globalis\u00e9es\u00a0\u00bb par le Centre Marocain des Etudes Strat\u00e9giques (CMES), en partenariat avec la F\u00e9d\u00e9ration Africaine des Etudes Strat\u00e9giques (FAES), ce forum de deux jours rassemble 150 participants de haut-niveau issus d\u2019une quarantaine de pays dont, des responsables civils et militaires, des dirigeants d\u2019organisations internationales, des s\u00e9curitaires et des experts Africains, Am\u00e9ricains, Europ\u00e9ens et Asiatiques.<\/p>\n<p>Cette conf\u00e9rence internationale se veut un espace de d\u00e9bats et d\u2019\u00e9change autour de questions d\u2019actualit\u00e9 en rapport avec la th\u00e9matique, tout en se fixant pour mission d\u2019analyser, de d\u00e9battre et d\u2019\u00e9changer des exp\u00e9riences dans ce domaine.<\/p>\n<p>Les d\u00e9bats lors de ce forum porteront sur plusieurs th\u00e9matiques notamment, \u00ab\u00a0la perspective strat\u00e9gique africaine \u00e0 l\u2019aune des \u00e9quilibres fragiles (contexte s\u00e9curitaire incertain et impr\u00e9visible)\u00a0\u00bb, \u00ab\u00a0le Sud, th\u00e9\u00e2tre des guerres de quatri\u00e8me g\u00e9n\u00e9ration (ou guerre hybride)\u00a0\u00bb, \u00a0\u00bb le renseignement \u00e0 l\u2019\u00e8re de la mondialisation et des menaces globalis\u00e9es\u00a0\u00bb, et \u00ab\u00a0la cyber-guerre ; nouvelles menaces et nouvelles g\u00e9opolitiques\u00a0\u00bb.<\/p>\n<p>Les participants \u00e0 ce Conclave auront \u00e9galement \u00e0 examiner d\u2019autres questions en rapport avec \u00ab\u00a0le model Marocain de diplomatie de d\u00e9fense et de s\u00e9curit\u00e9\u00a0\u00bb, \u00ab\u00a0le Sahel face au p\u00e9ril du Jihadisme\u00a0\u00bb, \u00ab\u00a0la dimension genre : un \u00e9l\u00e9ment de pr\u00e9vention et de lutte contre les communautarismes, facteurs de la radicalisation violente\u00a0\u00bb et \u00ab\u00a0communautarismes, radicalisation et terrorisme d\u2019extr\u00eame droite en occident\u00a0\u00bb.<\/p>\n<\/div>\n<p>Auteur: Meriem IGASS<br \/>\n<a href=\"http:\/\/www.mapmarrakech.ma\/fr\/renseignement\/\">Cliquez ici pour lire l&rsquo;article depuis sa source.<\/a><\/p>\n","protected":false},"excerpt":{"rendered":"<p>Marrakech \u2013 Le renseignement constitue \u00e0 l\u2019\u00e8re de la mondialisation et du boom technologique, un outil indispensable \u00e0 m\u00eame de permettre de mieux analyser, identifier, anticiper et faire face aux menaces s\u00e9curitaires globalis\u00e9es, ont soulign\u00e9, vendredi \u00e0 Marrakech, les participants \u00e0 la 11\u00e8 \u00e9dition du Marrakech Security Forum (MSF-2020). Les participants \u00e0 une s\u00e9ance de [&hellip;]<\/p>\n","protected":false},"author":1788,"featured_media":0,"comment_status":"closed","ping_status":"closed","sticky":false,"template":"","format":"standard","meta":{"fifu_image_url":"","fifu_image_alt":"","footnotes":""},"categories":[54,76],"tags":[],"class_list":["post-75512","post","type-post","status-publish","format-standard","hentry","category-maroc","category-regions"],"_links":{"self":[{"href":"https:\/\/linitiative.ca\/International\/wp-json\/wp\/v2\/posts\/75512","targetHints":{"allow":["GET"]}}],"collection":[{"href":"https:\/\/linitiative.ca\/International\/wp-json\/wp\/v2\/posts"}],"about":[{"href":"https:\/\/linitiative.ca\/International\/wp-json\/wp\/v2\/types\/post"}],"author":[{"embeddable":true,"href":"https:\/\/linitiative.ca\/International\/wp-json\/wp\/v2\/users\/1788"}],"replies":[{"embeddable":true,"href":"https:\/\/linitiative.ca\/International\/wp-json\/wp\/v2\/comments?post=75512"}],"version-history":[{"count":0,"href":"https:\/\/linitiative.ca\/International\/wp-json\/wp\/v2\/posts\/75512\/revisions"}],"wp:attachment":[{"href":"https:\/\/linitiative.ca\/International\/wp-json\/wp\/v2\/media?parent=75512"}],"wp:term":[{"taxonomy":"category","embeddable":true,"href":"https:\/\/linitiative.ca\/International\/wp-json\/wp\/v2\/categories?post=75512"},{"taxonomy":"post_tag","embeddable":true,"href":"https:\/\/linitiative.ca\/International\/wp-json\/wp\/v2\/tags?post=75512"}],"curies":[{"name":"wp","href":"https:\/\/api.w.org\/{rel}","templated":true}]}}