{"id":75514,"date":"2020-02-07T19:16:32","date_gmt":"2020-02-08T00:16:32","guid":{"rendered":"https:\/\/linitiative.ca\/International\/terrorisme-role-du-maroc-au-sein-des-structures-internationales\/"},"modified":"2020-02-07T19:16:32","modified_gmt":"2020-02-08T00:16:32","slug":"terrorisme-role-du-maroc-au-sein-des-structures-internationales","status":"publish","type":"post","link":"https:\/\/linitiative.ca\/International\/terrorisme-role-du-maroc-au-sein-des-structures-internationales\/","title":{"rendered":"Terrorisme: R\u00f4le du Maroc au sein des structures internationales"},"content":{"rendered":"<div readability=\"42\">\n<p>Marrakech \u2013 Le Maroc joue un r\u00f4le d\u00e9terminant au sein des structures internationales d\u00e9di\u00e9es \u00e0 la lutte contre le terrorisme et la radicalisation, dont le Dialogue M\u00e9diterran\u00e9en de l\u2019OTAN a soulign\u00e9, vendredi \u00e0 Marrakech, Emmanuel Dupuy, pr\u00e9sident de l\u2019Institut Prospective et S\u00e9curit\u00e9 en Europe (IPSE), un Think tank sp\u00e9cialis\u00e9 dans les questions de d\u00e9fense, g\u00e9opolitique, g\u00e9o-\u00e9conomie et g\u00e9ostrat\u00e9gie.<\/p>\n<\/div>\n<div readability=\"164\">\n<p>Le Maroc a eu une prise de conscience tr\u00e8s pr\u00e9coce de la n\u00e9cessit\u00e9 de d\u00e9velopper des coop\u00e9rations r\u00e9gionales, seules voies pour lutter de mani\u00e8re efficace contre les ph\u00e9nom\u00e8nes de la radicalisation et du terrorisme, a-t-il relev\u00e9 lors d\u2019une pl\u00e9ni\u00e8re sous le th\u00e8me \u00ab\u00a0le mod\u00e8le marocain de diplomatie de d\u00e9fense et de s\u00e9curit\u00e9\u00a0\u00bb, organis\u00e9e dans le cadre de la 11\u00e8 \u00e9dition du \u00ab\u00a0Marrakech Security Forum (MSF-2020)\u00a0\u00bb.<\/p>\n<p>M.Dupuy a en outre, indiqu\u00e9 que le Royaume contribue de mani\u00e8re efficace \u00e0 la stabilit\u00e9 sah\u00e9lo- saharienne \u00e0 travers notamment, la formation des imams africains et \u00ab\u00a0l\u2019exportation\u00a0\u00bb d\u2019un Islam \u00ab\u00a0soufi\u00a0\u00bb et des \u00ab\u00a0Lumi\u00e8res\u00a0\u00bb, qui repr\u00e9sente un mod\u00e8le attractif pour les pays africains, mettant l\u2019accent sur les liens religieux et culturels qui unissent le Royaume \u00e0 de nombreux pays d\u2019Afrique.<\/p>\n<p>Cet expert n\u2019a pas manqu\u00e9 de mettre en exergue l\u2019efficacit\u00e9 de l\u2019approche s\u00e9curitaire du Maroc, particuli\u00e8rement, depuis la cr\u00e9ation du Bureau Central d\u2019investigations judiciaires (BCIJ), qui a r\u00e9ussi \u00e0 d\u00e9jouer plusieurs dizaines d\u2019attentats terroristes.<\/p>\n<p>Par ailleurs, M. Dupuy a estim\u00e9 que le Maroc a r\u00e9ussi \u00e0 combattre la radicalisation et le terrorisme l\u00e0 o\u00f9, d\u2019autres pays ont \u00e9chou\u00e9 et ce, \u00e0 travers la r\u00e9alisation du d\u00e9veloppement humain et le d\u00e9collage \u00e9conomique, faisant remarquer que le taux de croissance \u00e9conomique continue de r\u00e9aliser une envol\u00e9e depuis 2014, r\u00e9ussissant ainsi \u00e0 cr\u00e9er les postes d\u2019emplois et \u00e0 am\u00e9liorer les conditions de vie des populations.<\/p>\n<p>Le pr\u00e9sident du Centre Marocain des Etudes Strat\u00e9giques (CMES), Mohammed Benhammou, a pour sa part, mis en relief les liens profonds et s\u00e9culaires, qui lient les populations de la r\u00e9gion sah\u00e9lo- saharienne \u00e0 l\u2019institution d\u2019Imarat Al Mouminine, porteuse d\u2019un Islam mod\u00e9r\u00e9 et se dressant comme \u00ab\u00a0rempart\u00a0\u00bb contre tous ceux qui aspirent \u00e0 confisquer l\u2019espace de culte pour diffuser leurs id\u00e9ologies destructrices.<\/p>\n<p>Dans la foul\u00e9e, M. Benhammou a jet\u00e9 la lumi\u00e8re sur l\u2019approche de lutte contre la radicalisation et le terrorisme, soulignant que cette strat\u00e9gie est multidimensionnelle et a su r\u00e9pondre \u00e0 une menace \u00e9mergente.<\/p>\n<p>Cette approche, a-t-il poursuivi, s\u2019articule autour de trois axes principaux. Le premier axe est s\u00e9curitaire, repr\u00e9sentant une r\u00e9ponse n\u00e9cessaire (pour une menace pr\u00e9sente) construite sur un bon savoir et une expertise du ph\u00e9nom\u00e8ne de la radicalisation et du terrorisme.<\/p>\n<p>Cette politique pr\u00e9ventive men\u00e9e par les services s\u00e9curitaires marocains a donn\u00e9 des r\u00e9sultants tr\u00e8s importants ayant abouti \u00e0 mettre fin \u00e0 la dynamique des groupes terroristes, a-t-il expliqu\u00e9, notant que cette expertise marocaine est largement sollicit\u00e9e et a b\u00e9n\u00e9fici\u00e9 \u00e0 plusieurs pays, dont la Belgique, l\u2019Espagne, la France, la C\u00f4te d\u2019Ivoire et la Grande-Bretagne.<\/p>\n<p>Le second axe de cette approche marocaine touche \u00e0 la r\u00e9alisation du d\u00e9veloppement humain et \u00e0 la lutte contre la pauvret\u00e9 et l\u2019exclusion, afin de barrer la route aux extr\u00e9mistes et terroristes qui exploitent la fragilit\u00e9 \u00e9conomique et sociale des populations, a-t-il expliqu\u00e9, faisant observer que l\u2019Initiative Nationale pour le D\u00e9veloppement Humain (INDH), qui a donn\u00e9 des r\u00e9sultats tangibles, a b\u00e9n\u00e9fici\u00e9 \u00e0 plus de 10 millions de Marocains et a contribu\u00e9 \u00e0 l\u2019am\u00e9lioration de la vie des populations vuln\u00e9rables et \u00e0 lutter contre l\u2019exclusion.<\/p>\n<p>Le troisi\u00e8me axe de cette approche est relatif \u00e0 la gestion du champ religieux \u00e0 travers la formation des imams et la soustraction de l\u2019espace de culte, des mains des groupes radicaux, ceux qui d\u00e9tournaient le discours religieux \u00e0 des fins terroristes, a-t-il ajout\u00e9.<\/p>\n<p>En outre, un travail de fond a \u00e9t\u00e9 men\u00e9 concernant les programmes scolaires, les m\u00e9dias et l\u2019espace carc\u00e9ral tr\u00e8s convoit\u00e9 par les extr\u00e9miste, tient \u00e0 pr\u00e9ciser M. Benhammou, notant que l\u2019approche marocaine, qui apporte une r\u00e9ponse globale au ph\u00e9nom\u00e8ne de la radicalisation et du terrorisme, a permis au Royaume de s\u2019\u00e9riger en mod\u00e8le \u00e0 suivre dans le combat contre ces fl\u00e9aux.<\/p>\n<p>Initi\u00e9 sous le th\u00e8me, \u00ab\u00a0l\u2019Afrique \u00e0 l\u2019\u00e9preuve des terrorismes et des menaces globalis\u00e9es\u00a0\u00bb par le CMES, en partenariat avec la F\u00e9d\u00e9ration Africaine des Etudes Strat\u00e9giques (FAES), ce forum de deux jours rassemble 150 participants de haut-niveau issus d\u2019une quarantaine de pays dont, des responsables civils et militaires, des dirigeants d\u2019organisations internationales, des s\u00e9curitaires et des experts africains, am\u00e9ricains, europ\u00e9ens et asiatiques.<\/p>\n<p>Cette conf\u00e9rence internationale se veut un espace de d\u00e9bats et d\u2019\u00e9change autour de questions d\u2019actualit\u00e9 en rapport avec la th\u00e9matique, tout en se fixant pour mission d\u2019analyser, de d\u00e9battre et d\u2019\u00e9changer des exp\u00e9riences dans ce domaine.<\/p>\n<p>Les d\u00e9bats lors de ce forum porteront sur plusieurs th\u00e9matiques notamment, \u00ab\u00a0la perspective strat\u00e9gique africaine \u00e0 l\u2019aune des \u00e9quilibres fragiles (contexte s\u00e9curitaire incertain et impr\u00e9visible)\u00a0\u00bb, \u00ab\u00a0le Sud, th\u00e9\u00e2tre des guerres de quatri\u00e8me g\u00e9n\u00e9ration (ou guerre hybride)\u00a0\u00bb, \u00ab\u00a0le renseignement \u00e0 l\u2019\u00e8re de la mondialisation et des menaces globalis\u00e9es\u00a0\u00bb, et \u00ab\u00a0la cyber-guerre ; nouvelles menaces et nouvelles g\u00e9opolitiques\u00a0\u00bb.<\/p>\n<p>Les participants \u00e0 ce Conclave auront \u00e9galement \u00e0 examiner d\u2019autres questions en rapport avec \u00ab\u00a0le model Marocain de diplomatie de d\u00e9fense et de s\u00e9curit\u00e9\u00a0\u00bb, \u00ab\u00a0le Sahel face au p\u00e9ril du Jihadisme\u00a0\u00bb, \u00ab\u00a0la dimension genre : un \u00e9l\u00e9ment de pr\u00e9vention et de lutte contre les communautarismes, facteurs de la radicalisation violente\u00a0\u00bb et \u00ab\u00a0communautarismes, radicalisation et terrorisme d\u2019extr\u00eame droite en occident\u00a0\u00bb.<\/p>\n<\/div>\n<p>Auteur: Meriem IGASS<br \/>\n<a href=\"http:\/\/www.mapmarrakech.ma\/fr\/terrorisme-role-du-maroc-au-sein-des-structures-internationales\/\">Cliquez ici pour lire l&rsquo;article depuis sa source.<\/a><\/p>\n","protected":false},"excerpt":{"rendered":"<p>Marrakech \u2013 Le Maroc joue un r\u00f4le d\u00e9terminant au sein des structures internationales d\u00e9di\u00e9es \u00e0 la lutte contre le terrorisme et la radicalisation, dont le Dialogue M\u00e9diterran\u00e9en de l\u2019OTAN a soulign\u00e9, vendredi \u00e0 Marrakech, Emmanuel Dupuy, pr\u00e9sident de l\u2019Institut Prospective et S\u00e9curit\u00e9 en Europe (IPSE), un Think tank sp\u00e9cialis\u00e9 dans les questions de d\u00e9fense, g\u00e9opolitique, [&hellip;]<\/p>\n","protected":false},"author":1788,"featured_media":0,"comment_status":"closed","ping_status":"closed","sticky":false,"template":"","format":"standard","meta":{"fifu_image_url":"","fifu_image_alt":"","footnotes":""},"categories":[54,76],"tags":[],"class_list":["post-75514","post","type-post","status-publish","format-standard","hentry","category-maroc","category-regions"],"_links":{"self":[{"href":"https:\/\/linitiative.ca\/International\/wp-json\/wp\/v2\/posts\/75514","targetHints":{"allow":["GET"]}}],"collection":[{"href":"https:\/\/linitiative.ca\/International\/wp-json\/wp\/v2\/posts"}],"about":[{"href":"https:\/\/linitiative.ca\/International\/wp-json\/wp\/v2\/types\/post"}],"author":[{"embeddable":true,"href":"https:\/\/linitiative.ca\/International\/wp-json\/wp\/v2\/users\/1788"}],"replies":[{"embeddable":true,"href":"https:\/\/linitiative.ca\/International\/wp-json\/wp\/v2\/comments?post=75514"}],"version-history":[{"count":0,"href":"https:\/\/linitiative.ca\/International\/wp-json\/wp\/v2\/posts\/75514\/revisions"}],"wp:attachment":[{"href":"https:\/\/linitiative.ca\/International\/wp-json\/wp\/v2\/media?parent=75514"}],"wp:term":[{"taxonomy":"category","embeddable":true,"href":"https:\/\/linitiative.ca\/International\/wp-json\/wp\/v2\/categories?post=75514"},{"taxonomy":"post_tag","embeddable":true,"href":"https:\/\/linitiative.ca\/International\/wp-json\/wp\/v2\/tags?post=75514"}],"curies":[{"name":"wp","href":"https:\/\/api.w.org\/{rel}","templated":true}]}}