{"id":75515,"date":"2020-02-07T19:24:19","date_gmt":"2020-02-08T00:24:19","guid":{"rendered":"https:\/\/linitiative.ca\/International\/le-maroc-une-plaque-tournante-de-lintelligencia-africaine\/"},"modified":"2020-02-07T19:24:19","modified_gmt":"2020-02-08T00:24:19","slug":"le-maroc-une-plaque-tournante-de-lintelligencia-africaine","status":"publish","type":"post","link":"https:\/\/linitiative.ca\/International\/le-maroc-une-plaque-tournante-de-lintelligencia-africaine\/","title":{"rendered":"Le Maroc, une plaque tournante de l\u2019intelligencia africaine"},"content":{"rendered":"<div readability=\"38\">\n<p>Marrakech \u2013 Le Maroc est devenu une plaque tournante de l\u2019intelligencia africaine dans nombre de domaines et cela d\u2019un point de vue de la r\u00e9flexion, a soulign\u00e9, vendredi \u00e0 Marrakech, le ministre d\u2019Etat b\u00e9ninois, M. Issifou Kogui N\u2019Douro.<\/p>\n<\/div>\n<div readability=\"160\">\n<p>\u00ab\u00a0Tous les gouvernements de nos pays africains ont eu \u00e0 b\u00e9n\u00e9ficier de la bienveillance, du suivi et de l\u2019accompagnement du Royaume dans diff\u00e9rents domaines strat\u00e9giques, notamment militaire et de s\u00e9curit\u00e9\u00a0\u00bb, a ajout\u00e9 M. Kogui N\u2019Douro, dans une d\u00e9claration \u00e0 la MAP, en marge des travaux de la 11\u00e8 \u00e9dition du Marrakech Security Forum (MSF-2020).<\/p>\n<p>Le Maroc a cumul\u00e9 une expertise av\u00e9r\u00e9e et se veut un acteur amplement engag\u00e9 pour la paix et la stabilit\u00e9 du Continent, a poursuivi M. Kogui N\u2019Douro, \u00e9galement ex-ministre de la D\u00e9fense.<\/p>\n<p>\u00ab\u00a0Je crois que c\u2019est vers cela que le Continent africain doit aller. Il doit aller vers celui qui a r\u00e9ussi dans un secteur, pour tirer profit de cette expertise, se mettre \u00e0 niveau et \u00eatre en mesure de faire face \u00e0 ces situations de crise qui s\u2019installent dans plusieurs zones du Continent&rsquo;\u00a0\u00bb, a-t-il dit.<\/p>\n<p>\u00ab\u00a0Le Maroc est une Monarchie. Cela veut dire que c\u2019est toute une tradition qui est l\u00e0, propre, endog\u00e8ne et qui sort de la profondeur des Marocains et du terroir Marocain et cela est tr\u00e8s important\u00a0\u00bb, a tenu \u00e0 indiquer M. Kogui N\u2019Douro, notant que le Royaume est en Afrique et qu\u2019il appartient aux Africains de profiter de cette r\u00e9alit\u00e9 et de b\u00e9n\u00e9ficier de ce qui a \u00e9t\u00e9 fait et accompli par le Maroc.<\/p>\n<p>\u00ab\u00a0L\u2019Afrique prise individuellement ne peut rien faire. L\u2019Afrique prise dans sa globalit\u00e9 et plus forte, plus forte avec ses leaders, ses fils et son intelligence collective\u00a0\u00bb, a-t-il ajout\u00e9, mettant en avant l\u2019engagement sans faille du Royaume en faveur de la promotion et de la d\u00e9fense des int\u00e9r\u00eats des pays africains.<\/p>\n<p>Sa Majest\u00e9 le Roi Mohammed VI, que Dieu L\u2019assiste, a depuis 20 ans montr\u00e9 ce que le Maroc pourrait devenir et ce que le Royaume est devenu, s\u2019est-il f\u00e9licit\u00e9, relevant que les pays africains ont beaucoup \u00e0 profiter de l\u2019expertise cumul\u00e9e par le Maroc dans divers secteurs y compris celui s\u00e9curitaire.<\/p>\n<p>\u00ab\u00a0Le premier LGV en Afrique c\u2019est au Maroc, c\u2019est \u00e0 dire que c\u2019est une expertise technique et technologique dont le Royaume dispose d\u00e9j\u00e0. Ce n\u2019est pas pour le Maroc seul, c\u2019est pour tout le Continent et c\u2019est une source de fiert\u00e9\u00a0\u00bb, a-t-il expliqu\u00e9 en guise d\u2019exemple.<\/p>\n<p>\u00ab\u00a0Nous devons au niveau du Continent africain, revoir toute notre strat\u00e9gie et la b\u00e2tir les uns avec les autres. On est intelligent \u00e0 plusieurs niveaux et je crois que les intelligences collectives peuvent nous permettre d\u2019assurer, nous- m\u00eames, notre s\u00e9curit\u00e9 et notre d\u00e9veloppement\u00a0\u00bb, a-t-il soutenu.<\/p>\n<p>\u00ab\u00a0Le d\u00e9veloppement de l\u2019Afrique a \u00e9t\u00e9 ces derni\u00e8res d\u00e9cennies, au centre des pr\u00e9occupations des acteurs politiques, op\u00e9rateurs \u00e9conomiques et acteurs de la soci\u00e9t\u00e9 civile nationale, r\u00e9gionale et internationale\u00a0\u00bb, a-t-il expliqu\u00e9, ajoutant que les questions se sont souvent pos\u00e9es plut\u00f4t en termes de politiques de d\u00e9veloppement \u00e0 mener mais aussi en termes de perspectives, tenant compte r\u00e9cemment des contraintes et d\u00e9fis li\u00e9s \u00e0 l\u2019\u00e9volution du monde ces derni\u00e8res ann\u00e9es.<\/p>\n<p>Dans la foul\u00e9e, il a pass\u00e9 en revue une s\u00e9rie de d\u00e9fis que le monde est appel\u00e9 \u00e0 relever, notamment ceux li\u00e9s aux \u00ab\u00a0changements climatiques, aux in\u00e9galit\u00e9s sociales, au repli identitaire et nationaliste, \u00e0 la mont\u00e9e des extr\u00eames et du terrorisme, \u00e0 la transformation num\u00e9rique et \u00e0 son \u00e9volution fulgurante et ses effets, voire \u00e0 son influence sur notre quotidien et l\u2019\u00e9conomie, ainsi qu\u2019\u00e0 la cyber-s\u00e9curit\u00e9\u00a0\u00bb.<\/p>\n<p>\u00ab\u00a0Tous ces d\u00e9fis posent, \u00e0 nos yeux, le probl\u00e8me de la s\u00e9curit\u00e9 de fa\u00e7on globale, probl\u00e9matique \u00e0 laquelle l\u2019Afrique est confront\u00e9e \u00e0 l\u2019int\u00e9rieur de ses fronti\u00e8res, mais aussi d\u2019un territoire \u00e0 l\u2019autre \u00e0 l\u2019\u00e9chelle du continent\u00a0\u00bb, a-t-il estim\u00e9, notant que la conjugaison des efforts de tous les pays sans distinction de ressources, sont n\u00e9cessaires pour maintenir un d\u00e9veloppement soutenu et durable du Continent.<\/p>\n<p>Initi\u00e9 sous le th\u00e8me \u00ab\u00a0l\u2019Afrique \u00e0 l\u2019\u00e9preuve des terrorismes et des menaces globalis\u00e9es\u00a0\u00bb par le Centre Marocain des Etudes Strat\u00e9giques (CMES), en partenariat avec la F\u00e9d\u00e9ration Africaine des Etudes Strat\u00e9giques (FAES), ce forum de deux jours rassemble 150 participants de haut-niveau issus d\u2019une quarantaine de pays dont, des responsables civils et militaires, des dirigeants d\u2019organisations internationales, des s\u00e9curitaires et des experts Africains, Am\u00e9ricains, Europ\u00e9ens et Asiatiques.<\/p>\n<p>Ce Conclave se veut un espace de d\u00e9bats et d\u2019\u00e9changes autour de questions d\u2019actualit\u00e9 en rapport avec la th\u00e9matique, tout en se fixant pour mission d\u2019analyser, de d\u00e9battre et d\u2019\u00e9changer des exp\u00e9riences dans ce domaine.<\/p>\n<p>Les d\u00e9bats lors de ce forum portent sur plusieurs th\u00e9matiques notamment, \u00ab\u00a0la perspective strat\u00e9gique africaine \u00e0 l\u2019aune des \u00e9quilibres fragiles (contexte s\u00e9curitaire incertain et impr\u00e9visible)\u00a0\u00bb, \u00ab\u00a0le Sud, th\u00e9\u00e2tre des guerres de quatri\u00e8me g\u00e9n\u00e9ration (ou guerre hybride)\u00a0\u00bb, \u00a0\u00bb le renseignement \u00e0 l\u2019\u00e8re de la mondialisation et des menaces globalis\u00e9es\u00a0\u00bb, et \u00ab\u00a0la cyber-guerre ; nouvelles menaces et nouvelles g\u00e9opolitiques\u00a0\u00bb.<\/p>\n<\/div>\n<p>Auteur: Meriem IGASS<br \/>\n<a href=\"http:\/\/www.mapmarrakech.ma\/fr\/le-maroc-une-plaque-tournante-de-lintelligencia-africaine\/\">Cliquez ici pour lire l&rsquo;article depuis sa source.<\/a><\/p>\n","protected":false},"excerpt":{"rendered":"<p>Marrakech \u2013 Le Maroc est devenu une plaque tournante de l\u2019intelligencia africaine dans nombre de domaines et cela d\u2019un point de vue de la r\u00e9flexion, a soulign\u00e9, vendredi \u00e0 Marrakech, le ministre d\u2019Etat b\u00e9ninois, M. Issifou Kogui N\u2019Douro. \u00ab\u00a0Tous les gouvernements de nos pays africains ont eu \u00e0 b\u00e9n\u00e9ficier de la bienveillance, du suivi et [&hellip;]<\/p>\n","protected":false},"author":1788,"featured_media":0,"comment_status":"closed","ping_status":"closed","sticky":false,"template":"","format":"standard","meta":{"fifu_image_url":"","fifu_image_alt":"","footnotes":""},"categories":[54,76],"tags":[],"class_list":["post-75515","post","type-post","status-publish","format-standard","hentry","category-maroc","category-regions"],"_links":{"self":[{"href":"https:\/\/linitiative.ca\/International\/wp-json\/wp\/v2\/posts\/75515","targetHints":{"allow":["GET"]}}],"collection":[{"href":"https:\/\/linitiative.ca\/International\/wp-json\/wp\/v2\/posts"}],"about":[{"href":"https:\/\/linitiative.ca\/International\/wp-json\/wp\/v2\/types\/post"}],"author":[{"embeddable":true,"href":"https:\/\/linitiative.ca\/International\/wp-json\/wp\/v2\/users\/1788"}],"replies":[{"embeddable":true,"href":"https:\/\/linitiative.ca\/International\/wp-json\/wp\/v2\/comments?post=75515"}],"version-history":[{"count":0,"href":"https:\/\/linitiative.ca\/International\/wp-json\/wp\/v2\/posts\/75515\/revisions"}],"wp:attachment":[{"href":"https:\/\/linitiative.ca\/International\/wp-json\/wp\/v2\/media?parent=75515"}],"wp:term":[{"taxonomy":"category","embeddable":true,"href":"https:\/\/linitiative.ca\/International\/wp-json\/wp\/v2\/categories?post=75515"},{"taxonomy":"post_tag","embeddable":true,"href":"https:\/\/linitiative.ca\/International\/wp-json\/wp\/v2\/tags?post=75515"}],"curies":[{"name":"wp","href":"https:\/\/api.w.org\/{rel}","templated":true}]}}