{"id":75516,"date":"2020-02-08T06:20:02","date_gmt":"2020-02-08T11:20:02","guid":{"rendered":"https:\/\/linitiative.ca\/International\/seisme-de-36-degres-au-large-dal-aouana\/"},"modified":"2020-02-08T06:20:02","modified_gmt":"2020-02-08T11:20:02","slug":"seisme-de-36-degres-au-large-dal-aouana","status":"publish","type":"post","link":"https:\/\/linitiative.ca\/International\/seisme-de-36-degres-au-large-dal-aouana\/","title":{"rendered":"S\u00e9isme de 3,6 degr\u00e9s au large d&rsquo;Al Aouana"},"content":{"rendered":"<p><span class=\"sp-nh-title\">Football \/ Ligue 1 (17e journ\u00e9e) : R\u00e9sultats partiels et classement<\/span> &#8211; <span class=\"sp-nh-date\">samedi 8 f\u00e9vrier 2020 20:04<\/span><\/p>\n<p><span class=\"sp-nh-title\">Mme Krikou prend part \u00e0 deux r\u00e9unions sur la femme en Arabie Saoudite<\/span> &#8211; <span class=\"sp-nh-date\">samedi 8 f\u00e9vrier 2020 19:54<\/span><\/p>\n<p><span class=\"sp-nh-title\">Le Pr\u00e9sident Tebboune s&rsquo;entretient \u00e0 Addis-Abeba avec son homologue \u00e9gyptien<\/span> &#8211; <span class=\"sp-nh-date\">samedi 8 f\u00e9vrier 2020 19:43<\/span><\/p>\n<p><span class=\"sp-nh-title\">Mali: l\u2019accord d\u2019Alger pierre angulaire de la stabilit\u00e9 au Sahel, affirme l&rsquo;ONU<\/span> &#8211; <span class=\"sp-nh-date\">samedi 8 f\u00e9vrier 2020 19:29<\/span><\/p>\n<p><span class=\"sp-nh-title\">Ressources en Eau: un Cercle de l&rsquo;eau voit le jour<\/span> &#8211; <span class=\"sp-nh-date\">samedi 8 f\u00e9vrier 2020 19:16<\/span><\/p>\n<p><span class=\"sp-nh-title\">33e Sommet ordinaire de l&rsquo;Union africaine : le pr\u00e9sident Tebboune arrive \u00e0 Addis Abeba<\/span> &#8211; <span class=\"sp-nh-date\">samedi 8 f\u00e9vrier 2020 18:57<\/span><\/p>\n<p><span class=\"sp-nh-title\">Casbah d&rsquo;Alger: les habitants de 120 b\u00e2tisses class\u00e9es rouge attendent leur relogement<\/span> &#8211; <span class=\"sp-nh-date\">samedi 8 f\u00e9vrier 2020 18:15<\/span><\/p>\n<p><span class=\"sp-nh-title\">La RASD participe au 33\u00e8me sommet ordinaire de l&rsquo;UA \u00e0 la lumi\u00e8re de nouvelles victoires diplomatiques<\/span> &#8211; <span class=\"sp-nh-date\">samedi 8 f\u00e9vrier 2020 18:09<\/span><\/p>\n<p><span class=\"sp-nh-title\">Hypertension pulmonaire: l&rsquo;am\u00e9lioration de la prise en charge des patients<\/span> &#8211; <span class=\"sp-nh-date\">samedi 8 f\u00e9vrier 2020 18:02<\/span><\/p>\n<p><span class=\"sp-nh-title\">D\u00e9but \u00e0 Addis Abeba du sommet du CPS sur la Libye et le Sahel<\/span> &#8211; <span class=\"sp-nh-date\">samedi 8 f\u00e9vrier 2020 17:55<\/span><\/p>\n<p><span class=\"sp-nh-title\">Illizi: mise en terre de 11 arbustes de Cypr\u00e8s du Tassili \u00e0 Djanet par l\u2019ambassadrice de la R\u00e9publique Ch\u00e8que en Alg\u00e9rie<\/span> &#8211; <span class=\"sp-nh-date\">samedi 8 f\u00e9vrier 2020 17:41<\/span><\/p>\n<p><span class=\"sp-nh-title\">La s\u00e9cheresse et d\u2019autres facteurs anthropiques menacent la zone humide<\/span> &#8211; <span class=\"sp-nh-date\">samedi 8 f\u00e9vrier 2020 17:31<\/span><\/p>\n<p><span class=\"sp-nh-title\">Un programme de travail commun alg\u00e9ro-tunisien de lutte contre le terrorisme transfrontalier<\/span> &#8211; <span class=\"sp-nh-date\">samedi 8 f\u00e9vrier 2020 17:22<\/span><\/p>\n<p><span class=\"sp-nh-title\">Protection des investisseurs : l&rsquo;Alg\u00e9rie dispose d&rsquo;un cadre juridique favorable<\/span> &#8211; <span class=\"sp-nh-date\">samedi 8 f\u00e9vrier 2020 17:03<\/span><\/p>\n<p><span class=\"sp-nh-title\">Football \/ Tournoi de l&rsquo;UNAF (dames): la s\u00e9lection alg\u00e9rienne d\u00e9butera contre le Maroc<\/span> &#8211; <span class=\"sp-nh-date\">samedi 8 f\u00e9vrier 2020 16:44<\/span><\/p>\n<p><span class=\"sp-nh-title\">Ain T\u00e9mouchent : lancement des travaux de r\u00e9alisation de 30 stades de proximit\u00e9, r\u00e9habilitation de 18 autres communaux<\/span> &#8211; <span class=\"sp-nh-date\">samedi 8 f\u00e9vrier 2020 16:32<\/span><\/p>\n<p><span class=\"sp-nh-title\">Libye: Guterres juge scandaleux la poursuite des violations de l\u2019embargo sur les armes<\/span> &#8211; <span class=\"sp-nh-date\">samedi 8 f\u00e9vrier 2020 16:14<\/span><\/p>\n<p><span class=\"sp-nh-title\">Deux \u00e9l\u00e9ments de soutien aux groupes terroristes appr\u00e9hend\u00e9s \u00e0 M\u00e9d\u00e9a et Khenchela<\/span> &#8211; <span class=\"sp-nh-date\">samedi 8 f\u00e9vrier 2020 15:54<\/span><\/p>\n<p><span class=\"sp-nh-title\">Les massacres de Sakiet Sidi Youcef t\u00e9moins de l\u2019atrocit\u00e9 d\u2019un colonialisme fran\u00e7ais<\/span> &#8211; <span class=\"sp-nh-date\">samedi 8 f\u00e9vrier 2020 14:46<\/span><\/p>\n<p><span class=\"sp-nh-title\">Libye\/Sahel : Sommet du CPS \u00e0 Addis Abeba pour juguler les deux crises<\/span> &#8211; <span class=\"sp-nh-date\">samedi 8 f\u00e9vrier 2020 14:12<\/span><\/p>\n<p>Auteur:<br \/>\n<a href=\"http:\/\/www.aps.dz\/regions\/101283-seisme-de-3-6-degres-au-large-d-al-aouana\">Cliquez ici pour lire l&rsquo;article depuis sa source.<\/a><\/p>\n","protected":false},"excerpt":{"rendered":"<p>Football \/ Ligue 1 (17e journ\u00e9e) : R\u00e9sultats partiels et classement &#8211; samedi 8 f\u00e9vrier 2020 20:04 Mme Krikou prend part \u00e0 deux r\u00e9unions sur la femme en Arabie Saoudite &#8211; samedi 8 f\u00e9vrier 2020 19:54 Le Pr\u00e9sident Tebboune s&rsquo;entretient \u00e0 Addis-Abeba avec son homologue \u00e9gyptien &#8211; samedi 8 f\u00e9vrier 2020 19:43 Mali: l\u2019accord d\u2019Alger [&hellip;]<\/p>\n","protected":false},"author":1790,"featured_media":0,"comment_status":"closed","ping_status":"closed","sticky":false,"template":"","format":"standard","meta":{"fifu_image_url":"","fifu_image_alt":"","footnotes":""},"categories":[53,76],"tags":[],"class_list":["post-75516","post","type-post","status-publish","format-standard","hentry","category-algerie","category-regions"],"_links":{"self":[{"href":"https:\/\/linitiative.ca\/International\/wp-json\/wp\/v2\/posts\/75516","targetHints":{"allow":["GET"]}}],"collection":[{"href":"https:\/\/linitiative.ca\/International\/wp-json\/wp\/v2\/posts"}],"about":[{"href":"https:\/\/linitiative.ca\/International\/wp-json\/wp\/v2\/types\/post"}],"author":[{"embeddable":true,"href":"https:\/\/linitiative.ca\/International\/wp-json\/wp\/v2\/users\/1790"}],"replies":[{"embeddable":true,"href":"https:\/\/linitiative.ca\/International\/wp-json\/wp\/v2\/comments?post=75516"}],"version-history":[{"count":0,"href":"https:\/\/linitiative.ca\/International\/wp-json\/wp\/v2\/posts\/75516\/revisions"}],"wp:attachment":[{"href":"https:\/\/linitiative.ca\/International\/wp-json\/wp\/v2\/media?parent=75516"}],"wp:term":[{"taxonomy":"category","embeddable":true,"href":"https:\/\/linitiative.ca\/International\/wp-json\/wp\/v2\/categories?post=75516"},{"taxonomy":"post_tag","embeddable":true,"href":"https:\/\/linitiative.ca\/International\/wp-json\/wp\/v2\/tags?post=75516"}],"curies":[{"name":"wp","href":"https:\/\/api.w.org\/{rel}","templated":true}]}}