{"id":75517,"date":"2020-02-08T11:31:15","date_gmt":"2020-02-08T16:31:15","guid":{"rendered":"https:\/\/linitiative.ca\/International\/la-secheresse-et-dautres-facteurs-anthropiques-menacent-la-zone-humide\/"},"modified":"2020-02-08T11:31:15","modified_gmt":"2020-02-08T16:31:15","slug":"la-secheresse-et-dautres-facteurs-anthropiques-menacent-la-zone-humide","status":"publish","type":"post","link":"https:\/\/linitiative.ca\/International\/la-secheresse-et-dautres-facteurs-anthropiques-menacent-la-zone-humide\/","title":{"rendered":"La s\u00e9cheresse et d\u2019autres facteurs anthropiques menacent la zone humide"},"content":{"rendered":"<div readability=\"39\">\n<p><strong>TLEMCEN &#8211; La zone humide de Dayat El Ferd dans la commune d\u2019El Aricha (\u00e0 plus de 50 km du chef-lieu de Tlemcen), le plus important lac pour la biodiversit\u00e9, est menac\u00e9e par plusieurs facteurs d\u2019ordre naturel et anthropique, a indiqu\u00e9 samedi la cheffe de d\u00e9partement du parc national de Tlemcen et sp\u00e9cialiste en gestion et protection des \u00e9cosyst\u00e8mes naturels, Hafida Benm\u00e2amar Hasnaoui.<\/strong><\/p>\n<\/div>\n<div readability=\"87.1220930233\">\n<p>En marge d&rsquo;une exposition inaugur\u00e9e samedi au niveau du si\u00e8ge du parc national \u00ab\u00a0Lalla Setti\u00a0\u00bb par les autorit\u00e9s de la wilaya \u00e0 l\u2019occasion des activit\u00e9s c\u00e9l\u00e9brant la Journ\u00e9e mondiale des zones humides, la sp\u00e9cialiste a r\u00e9v\u00e9l\u00e9 que cette zone humide superficielle qui peut s\u2019\u00e9tendre durant les saisons \u00e0 forte pluviom\u00e9trie jusqu\u2019\u00e0 127.000 hectares est menac\u00e9e de s\u00e9cheresse si les conditions climatiques n\u2019enregistrent pas une am\u00e9lioration durant cette saison.<\/p>\n<p>Quelque 20.000 oiseaux sont d\u00e9nombr\u00e9s au quotidien dans cette zone humide, ce qui laisse penser, selon la sp\u00e9cialiste, que ces oiseaux locaux ou migrateurs vont quitter le lieu pour un autre offrant de meilleurs conditions. En temps normal, cette zone,<\/p>\n<p>class\u00e9e dans le cadre de la convention \u00ab\u00a0Ramsar\u00a0\u00bb zone d\u2019importance internationale, peut contenir, selon la m\u00eame responsable, quelque 60 esp\u00e8ces d\u2019oiseaux.<\/p>\n<hr\/>\n<h3>Lire aussi: Rech<a href=\"http:\/\/www.aps.dz\/sante-science-technologie\/101119-recherche-scientifique-des-plantes-pour-depolluer-les-zones-humides-situees-a-oran\" target=\"_blank\" rel=\"noopener noreferrer\">http:\/\/www.aps.dz\/sante-science-technologie\/101119-recherche-scientifique-des-plantes-pour-depolluer-les-zones-humides-situees-a-oran<\/a>erche scientifique: des plantes pour d\u00e9polluer les zones humides situ\u00e9es \u00e0 Oran<\/h3>\n<hr\/>\n<p>La zone humide Dayat el Ferd a connu plusieurs p\u00e9riodes de grande s\u00e9cheresse depuis les ann\u00e9es 80 jusqu\u2019aux ann\u00e9es 2000 o\u00f9 le lac \u00e9tait compl\u00e8tement sec ce qui avait \u00e9norm\u00e9ment affect\u00e9 la biodiversit\u00e9, a rappel\u00e9 la m\u00eame source.<\/p>\n<p>Menac\u00e9e par la s\u00e9cheresse qui est un facteur naturel, cette zone humide subit \u00e9galement d\u2019autres agressions anthropiques qui contribuent directement \u00e0 sa d\u00e9gradation. Il s\u2019agit, en premier lieu, des rejets d\u2019eaux us\u00e9es qui se d\u00e9versent du village mitoyen Belhadji Boucif, d\u2019o\u00f9 l\u2019urgence et l&rsquo;imp\u00e9ratif de r\u00e9aliser une station d\u2019\u00e9puration ou de lagunage, une technique naturelle de traitement des eaux, a expliqu\u00e9 le conservateur des for\u00eats de la wilaya, Kazi Said, qui a mis, par ailleurs, l\u2019accent sur la n\u00e9cessit\u00e9 de r\u00e9aliser ce genre d\u2019infrastructures pour pr\u00e9server ce patrimoine d\u2019importance internationale. \u00ab\u00a0Les facteurs naturels, ajout\u00e9s aux facteurs anthropiques, peuvent causer d\u2019\u00e9normes d\u00e9gradations \u00e0 cette zone humide qui est la plus importante de toute la wilaya\u00a0\u00bb, a-t-il soulign\u00e9.<\/p>\n<p>D&rsquo;autres facteurs anthropiques viennent s\u2019ajouter \u00e0 la d\u00e9gradation de cette zone, a indiqu\u00e9 Mme Benmaamar Hasnaoui,\u00a0 expliquant cela par le labour intensif dans les environs imm\u00e9diats du lac. \u00ab\u00a0Certains oiseaux pondent leurs \u0153ufs \u00e0 m\u00eame le sol et le labour risque d\u2019emp\u00eacher la reproduction de ces esp\u00e8ces, en sus du braconnage et de l\u2019abreuvement du cheptel de cette r\u00e9gion agro-pastorale qui constituent des facteurs suppl\u00e9mentaires mena\u00e7ant la biodiversit\u00e9.\u00a0\u00bb<\/p>\n<hr\/>\n<h3>Lire aussi: \u00a0<a href=\"http:\/\/www.aps.dz\/regions\/101214-tlemcen-30-especes-d-oiseaux-migrateurs-et-endemiques-recenses-aux-plans-d-eau\">Tlemcen: 30 esp\u00e8ces d&rsquo;oiseaux migrateurs et end\u00e9miques recens\u00e9s aux plans d&rsquo;eau<\/a><\/h3>\n<hr\/>\n<blockquote readability=\"12\">\n<p><strong><em>La wilaya de Tlemcen compte \u00e9galement une autre zone humide de type diff\u00e9rent, en l\u2019occurrence Ghar Bouma\u00e2za qui est une grotte karstique et un v\u00e9ritable r\u00e9servoir d\u2019eau souterraine. Class\u00e9e aussi selon la convention Ramsar, cette zone humide est encore peu connue du fait que son exploration n\u00e9cessite des \u00e9quipes de sp\u00e9l\u00e9ologues biens \u00e9quip\u00e9es, pour pouvoir descendre au fond et la d\u00e9couvrir. Les rares informations qui circulent sur cette grotte sont le r\u00e9sultat d\u2019une exploration faite depuis quelques ann\u00e9es par une \u00e9quipe \u00e9trang\u00e8re, a-t-on fait savoir.<\/em><\/strong><\/p>\n<\/blockquote>\n<p>La wilaya de Tlemcen compte \u00e9galement les grottes karstiques de Ben Add (commune d\u2019Ain Fezza) qui sont les plus grandes d\u2019Afrique du nord mais ne sont pas encore class\u00e9es d\u2019importance internationale. Un dossier est en cours d\u2019\u00e9laboration pour classer l\u2019oued Tafna selon la convention de Ramsar, a-t-on indiqu\u00e9.<\/p>\n<\/div>\n<p>Auteur:<br \/>\n<a href=\"http:\/\/www.aps.dz\/regions\/101298-la-secheresse-et-d-autres-facteurs-anthropiques-menacent-la-zone-humide\">Cliquez ici pour lire l&rsquo;article depuis sa source.<\/a><\/p>\n","protected":false},"excerpt":{"rendered":"<p>TLEMCEN &#8211; La zone humide de Dayat El Ferd dans la commune d\u2019El Aricha (\u00e0 plus de 50 km du chef-lieu de Tlemcen), le plus important lac pour la biodiversit\u00e9, est menac\u00e9e par plusieurs facteurs d\u2019ordre naturel et anthropique, a indiqu\u00e9 samedi la cheffe de d\u00e9partement du parc national de Tlemcen et sp\u00e9cialiste en gestion [&hellip;]<\/p>\n","protected":false},"author":1790,"featured_media":0,"comment_status":"closed","ping_status":"closed","sticky":false,"template":"","format":"standard","meta":{"fifu_image_url":"","fifu_image_alt":"","footnotes":""},"categories":[53,76],"tags":[],"class_list":["post-75517","post","type-post","status-publish","format-standard","hentry","category-algerie","category-regions"],"_links":{"self":[{"href":"https:\/\/linitiative.ca\/International\/wp-json\/wp\/v2\/posts\/75517","targetHints":{"allow":["GET"]}}],"collection":[{"href":"https:\/\/linitiative.ca\/International\/wp-json\/wp\/v2\/posts"}],"about":[{"href":"https:\/\/linitiative.ca\/International\/wp-json\/wp\/v2\/types\/post"}],"author":[{"embeddable":true,"href":"https:\/\/linitiative.ca\/International\/wp-json\/wp\/v2\/users\/1790"}],"replies":[{"embeddable":true,"href":"https:\/\/linitiative.ca\/International\/wp-json\/wp\/v2\/comments?post=75517"}],"version-history":[{"count":0,"href":"https:\/\/linitiative.ca\/International\/wp-json\/wp\/v2\/posts\/75517\/revisions"}],"wp:attachment":[{"href":"https:\/\/linitiative.ca\/International\/wp-json\/wp\/v2\/media?parent=75517"}],"wp:term":[{"taxonomy":"category","embeddable":true,"href":"https:\/\/linitiative.ca\/International\/wp-json\/wp\/v2\/categories?post=75517"},{"taxonomy":"post_tag","embeddable":true,"href":"https:\/\/linitiative.ca\/International\/wp-json\/wp\/v2\/tags?post=75517"}],"curies":[{"name":"wp","href":"https:\/\/api.w.org\/{rel}","templated":true}]}}