{"id":75519,"date":"2020-02-08T07:56:06","date_gmt":"2020-02-08T12:56:06","guid":{"rendered":"https:\/\/linitiative.ca\/International\/les-mesures-fiscales-de-la-lf-2020-passees-au-peigne-fin\/"},"modified":"2020-02-08T07:56:06","modified_gmt":"2020-02-08T12:56:06","slug":"les-mesures-fiscales-de-la-lf-2020-passees-au-peigne-fin","status":"publish","type":"post","link":"https:\/\/linitiative.ca\/International\/les-mesures-fiscales-de-la-lf-2020-passees-au-peigne-fin\/","title":{"rendered":"Les mesures fiscales de la LF 2020 pass\u00e9es au peigne fin"},"content":{"rendered":"<p class=\"c5\">L\u2019Agropole de Berkane a accueilli, vendredi, une rencontre-d\u00e9bat autour des nouvelles mesures fiscales introduites par la loi de finances 2020, \u00e0 l\u2019initiative de la Conf\u00e9d\u00e9ration g\u00e9n\u00e9rale des entreprises du Maroc (CGEM)-section de l\u2019Oriental.<\/p>\n<p class=\"c5\">Cette rencontre, organis\u00e9e en partenariat avec la Chambre de commerce, d\u2019industrie et de services de l\u2019Oriental, la Direction g\u00e9n\u00e9rale des imp\u00f4ts et le Conseil national de l\u2019Ordre national des experts comptables, a permis d\u2019aborder et d\u2019analyser l\u2019ensemble des nouvelles mesures de la loi de Finances 2020 et de d\u00e9battre de son impact sur l\u2019entreprise en consid\u00e9ration du contexte r\u00e9glementaire.<\/p>\n<p class=\"c5\">Les responsables, entrepreneurs et acteurs \u00e9conomiques ayant particip\u00e9 \u00e0 cette rencontre, tenue en pr\u00e9sence notamment du gouverneur de la province de Berkane, Mohamed Ali Habouha, ont \u00e9galement discut\u00e9 des attentes et des pr\u00e9occupations des entreprises de la r\u00e9gion de l\u2019Oriental \u00e0 propos de cette loi de finances.<\/p>\n<p class=\"c5\">Intervenant \u00e0 cette occasion, le directeur g\u00e9n\u00e9ral par int\u00e9rim des Imp\u00f4ts, Khalad Zazou, a mis l\u2019accent sur l\u2019importance du renforcement de la confiance entre l\u2019administration fiscale et les contribuables, un objectif qui a pr\u00e9sid\u00e9 \u00e0 l\u2019\u00e9laboration de la loi de finances, conform\u00e9ment aux Hautes orientations de SM le Roi Mohammed VI et aux recommandations des troisi\u00e8mes Assises de la fiscalit\u00e9 tenues en 2019.<\/p>\n<p class=\"c5\">Ainsi, la loi de finances 2020 a comport\u00e9 un ensemble de mesures visant \u00e0 donner de la visibilit\u00e9 \u00e0 l\u2019investisseur, garantir la s\u00e9curit\u00e9 fiscale et r\u00e9tablir la confiance des contribuables pour redynamiser l\u2019investissement et la consommation, favoriser l\u2019esprit d\u2019initiative et lutter contre l\u2019informel, a-t-il ajout\u00e9.<\/p>\n<p class=\"c5\">Il s\u2019agit de diff\u00e9rentes mesures \u00e0 l\u2019image de la contribution lib\u00e9ratoire en faveur des personnes physiques en situation fiscale irr\u00e9guli\u00e8re et celle concernant les avoirs \u00e0 l\u2019\u00e9tranger, qui ont pour finalit\u00e9 de jeter les bases d\u2019une nouvelle relation Etat\/contribuable fond\u00e9e sur la contribution volontaire, la confiance et l\u2019\u00e9quit\u00e9 fiscale, tout en prenant en consid\u00e9ration les sp\u00e9cificit\u00e9s de chaque entreprise, a poursuivi M. Zazou.<\/p>\n<p class=\"c5\">De son c\u00f4t\u00e9, le pr\u00e9sident du Conseil national de l\u2019Ordre national des experts comptables, Issam El Maguiri, a pass\u00e9 en revue les principales dispositions fiscales de la loi de finances 2020, ayant pour buts, entre autres, le r\u00e9tablissement de la confiance, l\u2019am\u00e9lioration de la comp\u00e9titivit\u00e9 des entreprises, la mise en conformit\u00e9 de la fiscalit\u00e9 nationale avec les standards internationaux, l\u2019incitation \u00e0 l\u2019investissement et l\u2019am\u00e9lioration du climat des affaires.<\/p>\n<p class=\"c5\">Cette rencontre s\u2019est d\u00e9roul\u00e9e avec la participation notamment du pr\u00e9sident de la CGEM-Oriental Noureddine Bachiri et du pr\u00e9sident de la Chambre de commerce, d\u2019industrie et de services de l\u2019Oriental, Abdelhafid El Jarroudi et a \u00e9t\u00e9 marqu\u00e9e par un d\u00e9bat avec les op\u00e9rateurs \u00e9conomiques et entrepreneurs de la r\u00e9gion de l\u2019Oriental sur les dispositions de la loi de finances.<\/p>\n<p>Auteur: Soufiane ELAHMAR<br \/>\n<a href=\"http:\/\/www.mapoujda.ma\/fr\/les-mesures-fiscales-de-la-lf-2020-passees-au-peigne-fin\/\">Cliquez ici pour lire l&rsquo;article depuis sa source.<\/a><\/p>\n","protected":false},"excerpt":{"rendered":"<p>L\u2019Agropole de Berkane a accueilli, vendredi, une rencontre-d\u00e9bat autour des nouvelles mesures fiscales introduites par la loi de finances 2020, \u00e0 l\u2019initiative de la Conf\u00e9d\u00e9ration g\u00e9n\u00e9rale des entreprises du Maroc (CGEM)-section de l\u2019Oriental. Cette rencontre, organis\u00e9e en partenariat avec la Chambre de commerce, d\u2019industrie et de services de l\u2019Oriental, la Direction g\u00e9n\u00e9rale des imp\u00f4ts et [&hellip;]<\/p>\n","protected":false},"author":1788,"featured_media":0,"comment_status":"closed","ping_status":"closed","sticky":false,"template":"","format":"standard","meta":{"fifu_image_url":"","fifu_image_alt":"","footnotes":""},"categories":[54,76],"tags":[],"class_list":["post-75519","post","type-post","status-publish","format-standard","hentry","category-maroc","category-regions"],"_links":{"self":[{"href":"https:\/\/linitiative.ca\/International\/wp-json\/wp\/v2\/posts\/75519","targetHints":{"allow":["GET"]}}],"collection":[{"href":"https:\/\/linitiative.ca\/International\/wp-json\/wp\/v2\/posts"}],"about":[{"href":"https:\/\/linitiative.ca\/International\/wp-json\/wp\/v2\/types\/post"}],"author":[{"embeddable":true,"href":"https:\/\/linitiative.ca\/International\/wp-json\/wp\/v2\/users\/1788"}],"replies":[{"embeddable":true,"href":"https:\/\/linitiative.ca\/International\/wp-json\/wp\/v2\/comments?post=75519"}],"version-history":[{"count":0,"href":"https:\/\/linitiative.ca\/International\/wp-json\/wp\/v2\/posts\/75519\/revisions"}],"wp:attachment":[{"href":"https:\/\/linitiative.ca\/International\/wp-json\/wp\/v2\/media?parent=75519"}],"wp:term":[{"taxonomy":"category","embeddable":true,"href":"https:\/\/linitiative.ca\/International\/wp-json\/wp\/v2\/categories?post=75519"},{"taxonomy":"post_tag","embeddable":true,"href":"https:\/\/linitiative.ca\/International\/wp-json\/wp\/v2\/tags?post=75519"}],"curies":[{"name":"wp","href":"https:\/\/api.w.org\/{rel}","templated":true}]}}