{"id":75520,"date":"2020-02-08T15:14:05","date_gmt":"2020-02-08T20:14:05","guid":{"rendered":"https:\/\/linitiative.ca\/International\/ligue-1-2-jsk-la-qualification-de-zelfani-bloquee\/"},"modified":"2020-02-08T15:14:05","modified_gmt":"2020-02-08T20:14:05","slug":"ligue-1-2-jsk-la-qualification-de-zelfani-bloquee","status":"publish","type":"post","link":"https:\/\/linitiative.ca\/International\/ligue-1-2-jsk-la-qualification-de-zelfani-bloquee\/","title":{"rendered":"Ligue 1 &amp; 2 : JSK : La qualification de Zelfani bloqu\u00e9e !"},"content":{"rendered":"<div readability=\"32\">\n<p>Auteur : <span>M. B.<\/span> <span class=\"time\">samedi 08 f\u00e9vrier 2020 09:38<\/span><\/p>\n<\/div>\n<div id=\"post_core\" readability=\"106\">\n<p>Avant-hier apr\u00e8s-midi, la JSK a repris le boulot dans son fief, en pr\u00e9vision de son match \u00e0 l\u2019ext\u00e9rieur, demain face \u00e0 l\u2019US Biskra. La reprise a eu lieu dans une bonne ambiance, suite \u00e0 ce pr\u00e9cieux succ\u00e8s arrach\u00e9 face au NAHD, dans un match comptant pour la 16e journ\u00e9e du championnat. C\u2019est aussi la premi\u00e8re victoire pour le nouvel entra\u00eeneur tunisien Yamen Zelfani, qui a assist\u00e9 \u00e0 la partie de la tribune officielle, faute de qualification. Ce coach qui a suivi le match contre l\u2019Esp\u00e9rance de Tunis comme observateur, a pris ses fonctions au lendemain de cette derni\u00e8re sortie africaine en Ligue des champions. Il a dirig\u00e9 tous les entra\u00eenements, mais le jour du match, il a d\u00fb coordonner avec ses adjoints au t\u00e9l\u00e9phone, faute de licence qui pouvait lui permettre de prendre place sur le banc. Hier, le Directeur technique national (DTN), Ameur Chafik, a annonc\u00e9 via la Radio nationale que le nouvel entra\u00eeneur de la JSK, Yamen Zelfani, ne pourra pas b\u00e9n\u00e9ficier d\u2019une licence pour diriger les affaires techniques de la JSK, car il ne poss\u00e8de pas de dipl\u00f4me CAF A exig\u00e9 par les instances sportives nationales. A son arriv\u00e9e \u00e0 la JSK, Zelfani a remis un dipl\u00f4me CAF B qui, selon la r\u00e9glementation en vigueur, n\u2019est pas valable pour le grade de coach en chef des Ligues professionnelles. En d\u2019autres termes, la qualification de Yamen Zelfani par la LFP se retrouve bloqu\u00e9e, voire rejet\u00e9e.<br \/><strong>La direction attend une d\u00e9rogation de la DTN tunisienne pour le qualifier<\/strong><br \/>Afin d\u2019en savoir plus sur ce dossier, on a essay\u00e9 d\u2019avoir l\u2019avis des dirigeants kabyles qui confirment que l\u2019entra\u00eeneur Zelfani n\u2019a certes pas encore son dipl\u00f4me CAF A, n\u00e9anmoins il suit actuellement son cycle de formation pour l\u2019obtenir sous peu. Les dirigeants attendent que la DTN tunisienne leur transmette une d\u00e9rogation pour pouvoir le qualifier. Autrement dit, les Kabyles restent optimistes pour la qualification de leur nouvel entra\u00eeneur tr\u00e8s prochainement. Reste maintenant \u00e0 savoir si cette proc\u00e9dure ne prendra pas assez de temps, car on ignore \u00e0 pr\u00e9sent si la direction acceptera d\u2019honorer ses engagements avec un coach loin du banc, sachant que d\u2019importants matchs l\u2019attendent afin de concr\u00e9tiser son r\u00eave.<\/p>\n<p><strong>Il suivra \u00e9galement le match contre l\u2019USB de loin\u00a0<\/strong><br \/>Pour le match de demain apr\u00e8s-midi face \u00e0 l\u2019US Biskra, pour le compte de la 17e journ\u00e9e du championnat, le nouvel entra\u00eeneur kabyle Yamen Zelfani, ne prendra place sur le banc. Il sera une nouvelle fois forc\u00e9 de diriger le match \u00e0 partir de la tribune officielle, faute de licence, comme ce fut le cas devant le NAHD samedi pass\u00e9 \u00e0 Tizi, en dirigeant par t\u00e9l\u00e9phone avec ses adjoints.<\/p>\n<p><strong>Ameur Chafik (DTN) : \u00abZelfani\u00a0ne sera pas qualifi\u00e9 sans le dipl\u00f4me CAF (A)\u00bb<\/strong><br \/>Le Directeur technique national Ameur Chafik qui s\u2019exprimait, hier, sur les ondes de la Radio nationale, a abord\u00e9 le dossier de la qualification du nouvel entra\u00eeneur de la JSK, Yamen Zelfani. Il a soulign\u00e9 que le coach tunisien a d\u00e9pos\u00e9 un dipl\u00f4me CAF B qui n\u2019est pas valable pour occuper le poste d\u2019entra\u00eeneur en chef des Ligues 1 et 2 professionnelles en Alg\u00e9rie, et ce, conform\u00e9ment aux dispositions r\u00e9glementaires en vigueur : \u00ab Le nouvel entra\u00eeneur de la JSK, Yamen Zelfani ne pourra pas prendre sa place sur le banc et diriger les rencontres officielles, et ce, faute de qualification. Il n\u2019a pas encore le dipl\u00f4me CAF (A) qui est requis pour occuper ce poste. Je vous informe que Zelfani a d\u00e9pos\u00e9 un dossier en ins\u00e9rant le dipl\u00f4me CAF B, ce qui n\u2019est pas suffisant. Certes, pour le moment il peut toujours pr\u00e9parer son \u00e9quipe mais le jour du match, il ne sera pas autoris\u00e9 \u00e0 diriger sur le banc. En termes plus clairs, sans le dipl\u00f4me CAF A, il ne pourra pas b\u00e9n\u00e9ficier d\u2019une licence. \u00bb<\/p>\n<p><strong>Benabderahmane :\u00a0\u00abOn aura besoin d\u2019une lettre de la F\u00e9d\u00e9ration tunisienne pour le qualifier\u00bb<\/strong><br \/>Le directeur g\u00e9n\u00e9ral de la JSK, Nassim Benabderahmane, que nous avons joint en d\u00e9but de matin\u00e9e, nous a expliqu\u00e9 les raisons de la non- qualification de Zelfani : \u00ab Oui, nous n\u2019avons pas encore qualifi\u00e9 l\u2019entra\u00eeneur Zelfani, qui n\u2019a pas encore obtenu son CAF A. Du coup, nous allons solliciter la F\u00e9d\u00e9ration tunisienne de football pour nous envoyer une lettre prouvant que l\u2019entra\u00eeneur est en train de passer son dipl\u00f4me en Tunisie. Avec cette lettre, nous pourrons donc le qualifier rapidement. \u00bb<\/p>\n<p><strong>Publi\u00e9 dans :<\/strong> <span>US Biskra<\/span> <span>Benabderahmane.<\/span> <span>Yamen Zelfani<\/span><\/p>\n<\/div>\n<p>Auteur:<br \/>\n<a href=\"http:\/\/www.lebuteur.com\/article\/detail?titre=jsk-la-qualification-de-zelfani-bloquee&#038;id=94675&#038;utm_source=feedburner&#038;utm_medium=feed&#038;utm_campaign=Feed%3A+GalerieFArtciles+%28Les+derniers+articles++-+lebuteur.com%29\">Cliquez ici pour lire l&rsquo;article depuis sa source.<\/a><\/p>\n","protected":false},"excerpt":{"rendered":"<p>Auteur : M. B. samedi 08 f\u00e9vrier 2020 09:38 Avant-hier apr\u00e8s-midi, la JSK a repris le boulot dans son fief, en pr\u00e9vision de son match \u00e0 l\u2019ext\u00e9rieur, demain face \u00e0 l\u2019US Biskra. La reprise a eu lieu dans une bonne ambiance, suite \u00e0 ce pr\u00e9cieux succ\u00e8s arrach\u00e9 face au NAHD, dans un match comptant pour [&hellip;]<\/p>\n","protected":false},"author":1738,"featured_media":75521,"comment_status":"closed","ping_status":"closed","sticky":false,"template":"","format":"standard","meta":{"fifu_image_url":"","fifu_image_alt":"","footnotes":""},"categories":[53,75],"tags":[],"class_list":["post-75520","post","type-post","status-publish","format-standard","has-post-thumbnail","hentry","category-algerie","category-sport"],"_links":{"self":[{"href":"https:\/\/linitiative.ca\/International\/wp-json\/wp\/v2\/posts\/75520","targetHints":{"allow":["GET"]}}],"collection":[{"href":"https:\/\/linitiative.ca\/International\/wp-json\/wp\/v2\/posts"}],"about":[{"href":"https:\/\/linitiative.ca\/International\/wp-json\/wp\/v2\/types\/post"}],"author":[{"embeddable":true,"href":"https:\/\/linitiative.ca\/International\/wp-json\/wp\/v2\/users\/1738"}],"replies":[{"embeddable":true,"href":"https:\/\/linitiative.ca\/International\/wp-json\/wp\/v2\/comments?post=75520"}],"version-history":[{"count":0,"href":"https:\/\/linitiative.ca\/International\/wp-json\/wp\/v2\/posts\/75520\/revisions"}],"wp:featuredmedia":[{"embeddable":true,"href":"https:\/\/linitiative.ca\/International\/wp-json\/"}],"wp:attachment":[{"href":"https:\/\/linitiative.ca\/International\/wp-json\/wp\/v2\/media?parent=75520"}],"wp:term":[{"taxonomy":"category","embeddable":true,"href":"https:\/\/linitiative.ca\/International\/wp-json\/wp\/v2\/categories?post=75520"},{"taxonomy":"post_tag","embeddable":true,"href":"https:\/\/linitiative.ca\/International\/wp-json\/wp\/v2\/tags?post=75520"}],"curies":[{"name":"wp","href":"https:\/\/api.w.org\/{rel}","templated":true}]}}