{"id":75522,"date":"2020-02-08T15:14:08","date_gmt":"2020-02-08T20:14:08","guid":{"rendered":"https:\/\/linitiative.ca\/International\/international-real-benzema-la-force-elhamdulilah-video\/"},"modified":"2020-02-08T15:14:08","modified_gmt":"2020-02-08T20:14:08","slug":"international-real-benzema-la-force-elhamdulilah-video","status":"publish","type":"post","link":"https:\/\/linitiative.ca\/International\/international-real-benzema-la-force-elhamdulilah-video\/","title":{"rendered":"International : Real &#8211; Benzema : \u00ab\u00a0La force, Elhamdulilah\u00a0\u00bb (Vid\u00e9o)"},"content":{"rendered":"<div readability=\"32\">\n<p>Auteur : <span class=\"time\">samedi 08 f\u00e9vrier 2020 12:44<\/span><\/p>\n<\/div>\n<div id=\"post_core\" readability=\"39\">\n<p>Le meilleur buteur du Real Madrid cette saison a une nouvelle fois prouv\u00e9 qu&rsquo;il avait un grand coeur ce vendredi, \u00e0 la sortie de l\u2019entra\u00eenement madril\u00e8ne.<\/p>\n<p>En effet, un jeune fan estropi\u00e9 l\u2019attendait dans l\u2019espoir de r\u00e9colter un autographe. Et plut\u00f4t qu\u2019un vulgaire bout de papier, KB9 lui a offert\u00a0un souvenir inoubliable : une br\u00e9silienne :<\/p>\n<p><iframe loading=\"lazy\" allow=\"accelerometer; autoplay; encrypted-media; gyroscope; picture-in-picture\" allowfullscreen=\"\" frameborder=\"0\" height=\"315\" src=\"https:\/\/www.youtube.com\/embed\/O6swWMhZKaQ\" width=\"560\">[embedded content]<\/iframe><\/p>\n<p><strong>Publi\u00e9 dans :<\/strong> <span>benzema<\/span><\/p>\n<\/div>\n<p>Auteur:<br \/>\n<a href=\"http:\/\/www.lebuteur.com\/article\/detail?titre=real-benzema-la-force-elhamdulilah-video&#038;id=94695&#038;utm_source=feedburner&#038;utm_medium=feed&#038;utm_campaign=Feed%3A+GalerieFArtciles+%28Les+derniers+articles++-+lebuteur.com%29\">Cliquez ici pour lire l&rsquo;article depuis sa source.<\/a><\/p>\n","protected":false},"excerpt":{"rendered":"<p>Auteur : samedi 08 f\u00e9vrier 2020 12:44 Le meilleur buteur du Real Madrid cette saison a une nouvelle fois prouv\u00e9 qu&rsquo;il avait un grand coeur ce vendredi, \u00e0 la sortie de l\u2019entra\u00eenement madril\u00e8ne. En effet, un jeune fan estropi\u00e9 l\u2019attendait dans l\u2019espoir de r\u00e9colter un autographe. Et plut\u00f4t qu\u2019un vulgaire bout de papier, KB9 lui [&hellip;]<\/p>\n","protected":false},"author":1738,"featured_media":75523,"comment_status":"closed","ping_status":"closed","sticky":false,"template":"","format":"standard","meta":{"fifu_image_url":"","fifu_image_alt":"","footnotes":""},"categories":[53,75],"tags":[],"class_list":["post-75522","post","type-post","status-publish","format-standard","has-post-thumbnail","hentry","category-algerie","category-sport"],"_links":{"self":[{"href":"https:\/\/linitiative.ca\/International\/wp-json\/wp\/v2\/posts\/75522","targetHints":{"allow":["GET"]}}],"collection":[{"href":"https:\/\/linitiative.ca\/International\/wp-json\/wp\/v2\/posts"}],"about":[{"href":"https:\/\/linitiative.ca\/International\/wp-json\/wp\/v2\/types\/post"}],"author":[{"embeddable":true,"href":"https:\/\/linitiative.ca\/International\/wp-json\/wp\/v2\/users\/1738"}],"replies":[{"embeddable":true,"href":"https:\/\/linitiative.ca\/International\/wp-json\/wp\/v2\/comments?post=75522"}],"version-history":[{"count":0,"href":"https:\/\/linitiative.ca\/International\/wp-json\/wp\/v2\/posts\/75522\/revisions"}],"wp:featuredmedia":[{"embeddable":true,"href":"https:\/\/linitiative.ca\/International\/wp-json\/"}],"wp:attachment":[{"href":"https:\/\/linitiative.ca\/International\/wp-json\/wp\/v2\/media?parent=75522"}],"wp:term":[{"taxonomy":"category","embeddable":true,"href":"https:\/\/linitiative.ca\/International\/wp-json\/wp\/v2\/categories?post=75522"},{"taxonomy":"post_tag","embeddable":true,"href":"https:\/\/linitiative.ca\/International\/wp-json\/wp\/v2\/tags?post=75522"}],"curies":[{"name":"wp","href":"https:\/\/api.w.org\/{rel}","templated":true}]}}