{"id":75524,"date":"2020-02-08T15:14:11","date_gmt":"2020-02-08T20:14:11","guid":{"rendered":"https:\/\/linitiative.ca\/International\/pros-medjani-rejoint-le-fc-salaise-officiel\/"},"modified":"2020-02-08T15:14:11","modified_gmt":"2020-02-08T20:14:11","slug":"pros-medjani-rejoint-le-fc-salaise-officiel","status":"publish","type":"post","link":"https:\/\/linitiative.ca\/International\/pros-medjani-rejoint-le-fc-salaise-officiel\/","title":{"rendered":"Pros : Medjani rejoint le FC Salaise (Officiel)"},"content":{"rendered":"<div readability=\"32\">\n<p>Auteur : <span class=\"time\">samedi 08 f\u00e9vrier 2020 14:21<\/span><\/p>\n<\/div>\n<div id=\"post_core\" readability=\"44\">\n<p>Carl Medjani s\u2019est engag\u00e9 avec la formation fran\u00e7aise du FC Salaise (R\u00e9gionale 1 Rh\u00f4ne-Alpes). L\u2019ancien joueur de l\u2019EN a r\u00e9agi sur le site officiel du FC Salaise : \u00abJe suis tr\u00e8s heureux de retrouver les terres de mes d\u00e9buts. Une page se tourne pour moi aujourd\u2019hui au niveau professionnel mais j\u2019esp\u00e8re en ouvrir une autre au sein du futur projet d\u2019agglom\u00e9ration qui est en cours. J\u2019ai h\u00e2te de pouvoir enfin \u00e9voluer devant toutes les personnes qui ont pu, de pr\u00e8s ou de loin, me suivre tout au long de ma carri\u00e8re et plus particuli\u00e8rement ma famille et mes amis. Je compte sur tous les amoureux du foot et du sport du Pays Roussillonnais pour venir nombreux nous soutenir et nous encourager sur cette deuxi\u00e8me partie de saison, afin de nous aider \u00e0 remplir nos diff\u00e9rents objectifs. \u00c9tant jeune papa, j\u2019ai \u00e0 c\u0153ur de servir d\u2019exemple \u00e0 mon fils mais aussi \u00e0 toute la jeunesse du secteur afin de leur faire b\u00e9n\u00e9ficier de toute l\u2019exp\u00e9rience que j\u2019ai pu acqu\u00e9rir durant toute ma carri\u00e8re professionnelle. En esp\u00e9rant insuffler une dynamique positive et emmener avec nous, \u00e9lus, partenaires, supporters et habitants de toute la communaut\u00e9 de communes Entre Bi\u00e8vre et Rh\u00f4ne. Rendez-vous samedi 15 f\u00e9vrier (18h00) au Stade Robert Mazaud pour la r\u00e9ception de la r\u00e9serve de Grenoble.\u00bb<\/p>\n<p><strong>Publi\u00e9 dans :<\/strong> <span>Medjani<\/span> <span>FC Salaise<\/span><\/p>\n<\/div>\n<p>Auteur:<br \/>\n<a href=\"http:\/\/www.lebuteur.com\/article\/detail?titre=medjani-rejoint-le-fc-salaise-officiel&#038;id=94696&#038;utm_source=feedburner&#038;utm_medium=feed&#038;utm_campaign=Feed%3A+GalerieFArtciles+%28Les+derniers+articles++-+lebuteur.com%29\">Cliquez ici pour lire l&rsquo;article depuis sa source.<\/a><\/p>\n","protected":false},"excerpt":{"rendered":"<p>Auteur : samedi 08 f\u00e9vrier 2020 14:21 Carl Medjani s\u2019est engag\u00e9 avec la formation fran\u00e7aise du FC Salaise (R\u00e9gionale 1 Rh\u00f4ne-Alpes). L\u2019ancien joueur de l\u2019EN a r\u00e9agi sur le site officiel du FC Salaise : \u00abJe suis tr\u00e8s heureux de retrouver les terres de mes d\u00e9buts. Une page se tourne pour moi aujourd\u2019hui au niveau [&hellip;]<\/p>\n","protected":false},"author":1738,"featured_media":75525,"comment_status":"closed","ping_status":"closed","sticky":false,"template":"","format":"standard","meta":{"fifu_image_url":"","fifu_image_alt":"","footnotes":""},"categories":[53,75],"tags":[],"class_list":["post-75524","post","type-post","status-publish","format-standard","has-post-thumbnail","hentry","category-algerie","category-sport"],"_links":{"self":[{"href":"https:\/\/linitiative.ca\/International\/wp-json\/wp\/v2\/posts\/75524","targetHints":{"allow":["GET"]}}],"collection":[{"href":"https:\/\/linitiative.ca\/International\/wp-json\/wp\/v2\/posts"}],"about":[{"href":"https:\/\/linitiative.ca\/International\/wp-json\/wp\/v2\/types\/post"}],"author":[{"embeddable":true,"href":"https:\/\/linitiative.ca\/International\/wp-json\/wp\/v2\/users\/1738"}],"replies":[{"embeddable":true,"href":"https:\/\/linitiative.ca\/International\/wp-json\/wp\/v2\/comments?post=75524"}],"version-history":[{"count":0,"href":"https:\/\/linitiative.ca\/International\/wp-json\/wp\/v2\/posts\/75524\/revisions"}],"wp:featuredmedia":[{"embeddable":true,"href":"https:\/\/linitiative.ca\/International\/wp-json\/"}],"wp:attachment":[{"href":"https:\/\/linitiative.ca\/International\/wp-json\/wp\/v2\/media?parent=75524"}],"wp:term":[{"taxonomy":"category","embeddable":true,"href":"https:\/\/linitiative.ca\/International\/wp-json\/wp\/v2\/categories?post=75524"},{"taxonomy":"post_tag","embeddable":true,"href":"https:\/\/linitiative.ca\/International\/wp-json\/wp\/v2\/tags?post=75524"}],"curies":[{"name":"wp","href":"https:\/\/api.w.org\/{rel}","templated":true}]}}