{"id":75526,"date":"2020-02-08T15:14:14","date_gmt":"2020-02-08T20:14:14","guid":{"rendered":"https:\/\/linitiative.ca\/International\/international-real-madrid-lannonce-de-zidane-pour-lavenir-de-gareth-bale\/"},"modified":"2020-02-08T15:14:14","modified_gmt":"2020-02-08T20:14:14","slug":"international-real-madrid-lannonce-de-zidane-pour-lavenir-de-gareth-bale","status":"publish","type":"post","link":"https:\/\/linitiative.ca\/International\/international-real-madrid-lannonce-de-zidane-pour-lavenir-de-gareth-bale\/","title":{"rendered":"International : Real Madrid: L&rsquo;annonce de Zidane pour l&rsquo;avenir de Gareth Bale !"},"content":{"rendered":"<div readability=\"32\">\n<p>Auteur : <span class=\"time\">samedi 08 f\u00e9vrier 2020 15:07<\/span><\/p>\n<\/div>\n<div id=\"post_core\" readability=\"45\">\n<p>Gareth Bale aurait pu quitter le Real Madrid lors du dernier mercato hivernal. Auteur de nombreuses pol\u00e9miques et ne parvenant pas \u00e0 enchainer \u00e0 cause de p\u00e9pins physiques, le Gallois \u00e9tait tout proche de claquer la porte. D\u2019autant plus que sa relation avec Zinedine Zidane serait loin d\u2019\u00eatre id\u00e9ale m\u00eame si l&rsquo;agent du joueur, Jonathan Barnett a d\u00e9clar\u00e9 le contraire : \u00ab Je peux vous assurer que Zidane l\u2019appr\u00e9cie, que Madrid aime Gareth Bale. Il n&rsquo;y a pas de probl\u00e8me entre Zidane et Gareth. Les gens \u00e9crivent sur le sujet, mais j\u2019arr\u00eate, je m&rsquo;en fiche \u00bb. Son agent a d\u2019ailleurs assur\u00e9 que Gareth Bale avait de grandes chances de rester au Real Madrid jusqu\u2019au terme de son contrat en juin 2022. Interrog\u00e9 sur les d\u00e9clarations du repr\u00e9sentant de Gareth Bale, Zinedine Zidane a assur\u00e9 qu&rsquo;il n&rsquo;y avait aucun soucis avec son joueur. \u00ab Je n&rsquo;ai aucun probl\u00e8me \u00e0 ce que Bale veuille rester jusqu&rsquo;en 2022. Son agent l&rsquo;a dit, et il est heureux aussi \u00bb, a d\u00e9clar\u00e9 l\u2019entraineur du Real Madrid en conf\u00e9rence de presse rapporte Le 10 Sport.<\/p>\n<p><strong>Publi\u00e9 dans :<\/strong> <span>Zidane<\/span> <span>Gareth Bale<\/span><\/p>\n<\/div>\n<p>Auteur:<br \/>\n<a href=\"http:\/\/www.lebuteur.com\/article\/detail?titre=real-madrid-lannonce-de-zidane-pour-lavenir-de-gareth-bale&#038;id=94697&#038;utm_source=feedburner&#038;utm_medium=feed&#038;utm_campaign=Feed%3A+GalerieFArtciles+%28Les+derniers+articles++-+lebuteur.com%29\">Cliquez ici pour lire l&rsquo;article depuis sa source.<\/a><\/p>\n","protected":false},"excerpt":{"rendered":"<p>Auteur : samedi 08 f\u00e9vrier 2020 15:07 Gareth Bale aurait pu quitter le Real Madrid lors du dernier mercato hivernal. Auteur de nombreuses pol\u00e9miques et ne parvenant pas \u00e0 enchainer \u00e0 cause de p\u00e9pins physiques, le Gallois \u00e9tait tout proche de claquer la porte. D\u2019autant plus que sa relation avec Zinedine Zidane serait loin d\u2019\u00eatre [&hellip;]<\/p>\n","protected":false},"author":1738,"featured_media":75527,"comment_status":"closed","ping_status":"closed","sticky":false,"template":"","format":"standard","meta":{"fifu_image_url":"","fifu_image_alt":"","footnotes":""},"categories":[53,75],"tags":[],"class_list":["post-75526","post","type-post","status-publish","format-standard","has-post-thumbnail","hentry","category-algerie","category-sport"],"_links":{"self":[{"href":"https:\/\/linitiative.ca\/International\/wp-json\/wp\/v2\/posts\/75526","targetHints":{"allow":["GET"]}}],"collection":[{"href":"https:\/\/linitiative.ca\/International\/wp-json\/wp\/v2\/posts"}],"about":[{"href":"https:\/\/linitiative.ca\/International\/wp-json\/wp\/v2\/types\/post"}],"author":[{"embeddable":true,"href":"https:\/\/linitiative.ca\/International\/wp-json\/wp\/v2\/users\/1738"}],"replies":[{"embeddable":true,"href":"https:\/\/linitiative.ca\/International\/wp-json\/wp\/v2\/comments?post=75526"}],"version-history":[{"count":0,"href":"https:\/\/linitiative.ca\/International\/wp-json\/wp\/v2\/posts\/75526\/revisions"}],"wp:featuredmedia":[{"embeddable":true,"href":"https:\/\/linitiative.ca\/International\/wp-json\/"}],"wp:attachment":[{"href":"https:\/\/linitiative.ca\/International\/wp-json\/wp\/v2\/media?parent=75526"}],"wp:term":[{"taxonomy":"category","embeddable":true,"href":"https:\/\/linitiative.ca\/International\/wp-json\/wp\/v2\/categories?post=75526"},{"taxonomy":"post_tag","embeddable":true,"href":"https:\/\/linitiative.ca\/International\/wp-json\/wp\/v2\/tags?post=75526"}],"curies":[{"name":"wp","href":"https:\/\/api.w.org\/{rel}","templated":true}]}}