{"id":75528,"date":"2020-02-08T15:14:17","date_gmt":"2020-02-08T20:14:17","guid":{"rendered":"https:\/\/linitiative.ca\/International\/pros-al-fujairah-bougherra-demis-de-ses-fonctions\/"},"modified":"2020-02-08T15:14:17","modified_gmt":"2020-02-08T20:14:17","slug":"pros-al-fujairah-bougherra-demis-de-ses-fonctions","status":"publish","type":"post","link":"https:\/\/linitiative.ca\/International\/pros-al-fujairah-bougherra-demis-de-ses-fonctions\/","title":{"rendered":"Pros : Al Fujairah: Bougherra d\u00e9mis de ses fonctions"},"content":{"rendered":"<div readability=\"32\">\n<p>Auteur : <span class=\"time\">samedi 08 f\u00e9vrier 2020 16:14<\/span><\/p>\n<\/div>\n<div id=\"post_core\" readability=\"38\">\n<p>L\u2019entra\u00eeneur d\u2019Al Fujairah, Madjid Bougherraa \u00e9t\u00e9 d\u00e9mis, aujourd\u2019hui, de ses fonctions. C\u2019est ce qu\u2019a annonc\u00e9 un communiqu\u00e9 du club \u00e9mirati. Pour rappel, l\u2019ancien capitaine de l\u2019EN avait rejoint Al Fujairah en juin 2019.<\/p>\n<p><img decoding=\"async\" alt=\"\" src=\"https:\/\/scontent-mrs2-1.xx.fbcdn.net\/v\/t1.0-9\/s960x960\/86169823_2731482526901642_2977110543191506944_o.jpg?_nc_cat=109&#038;_nc_ohc=QQ0--SQFZz8AX-f47L9&#038;_nc_ht=scontent-mrs2-1.xx&#038;oh=c5fd2c783cd4ddd494b9e7a56daca255&#038;oe=5EDA67EC\"\/><\/p>\n<p><strong>Publi\u00e9 dans :<\/strong> <span>bougherra<\/span><\/p>\n<\/div>\n<p>Auteur:<br \/>\n<a href=\"http:\/\/www.lebuteur.com\/article\/detail?titre=al-fujairah-bougherra-demis-de-ses-fonctions&#038;id=94698&#038;utm_source=feedburner&#038;utm_medium=feed&#038;utm_campaign=Feed%3A+GalerieFArtciles+%28Les+derniers+articles++-+lebuteur.com%29\">Cliquez ici pour lire l&rsquo;article depuis sa source.<\/a><\/p>\n","protected":false},"excerpt":{"rendered":"<p>Auteur : samedi 08 f\u00e9vrier 2020 16:14 L\u2019entra\u00eeneur d\u2019Al Fujairah, Madjid Bougherraa \u00e9t\u00e9 d\u00e9mis, aujourd\u2019hui, de ses fonctions. C\u2019est ce qu\u2019a annonc\u00e9 un communiqu\u00e9 du club \u00e9mirati. Pour rappel, l\u2019ancien capitaine de l\u2019EN avait rejoint Al Fujairah en juin 2019. Publi\u00e9 dans : bougherra Auteur: Cliquez ici pour lire l&rsquo;article depuis sa source.<\/p>\n","protected":false},"author":1738,"featured_media":0,"comment_status":"closed","ping_status":"closed","sticky":false,"template":"","format":"standard","meta":{"fifu_image_url":"","fifu_image_alt":"","footnotes":""},"categories":[53,75],"tags":[],"class_list":["post-75528","post","type-post","status-publish","format-standard","hentry","category-algerie","category-sport"],"_links":{"self":[{"href":"https:\/\/linitiative.ca\/International\/wp-json\/wp\/v2\/posts\/75528","targetHints":{"allow":["GET"]}}],"collection":[{"href":"https:\/\/linitiative.ca\/International\/wp-json\/wp\/v2\/posts"}],"about":[{"href":"https:\/\/linitiative.ca\/International\/wp-json\/wp\/v2\/types\/post"}],"author":[{"embeddable":true,"href":"https:\/\/linitiative.ca\/International\/wp-json\/wp\/v2\/users\/1738"}],"replies":[{"embeddable":true,"href":"https:\/\/linitiative.ca\/International\/wp-json\/wp\/v2\/comments?post=75528"}],"version-history":[{"count":0,"href":"https:\/\/linitiative.ca\/International\/wp-json\/wp\/v2\/posts\/75528\/revisions"}],"wp:attachment":[{"href":"https:\/\/linitiative.ca\/International\/wp-json\/wp\/v2\/media?parent=75528"}],"wp:term":[{"taxonomy":"category","embeddable":true,"href":"https:\/\/linitiative.ca\/International\/wp-json\/wp\/v2\/categories?post=75528"},{"taxonomy":"post_tag","embeddable":true,"href":"https:\/\/linitiative.ca\/International\/wp-json\/wp\/v2\/tags?post=75528"}],"curies":[{"name":"wp","href":"https:\/\/api.w.org\/{rel}","templated":true}]}}