{"id":75530,"date":"2020-02-08T05:40:00","date_gmt":"2020-02-08T10:40:00","guid":{"rendered":"https:\/\/linitiative.ca\/International\/hadj-2020-bon-deroulement-du-tirage-au-sort-des-pelerins\/"},"modified":"2020-02-08T05:40:00","modified_gmt":"2020-02-08T10:40:00","slug":"hadj-2020-bon-deroulement-du-tirage-au-sort-des-pelerins","status":"publish","type":"post","link":"https:\/\/linitiative.ca\/International\/hadj-2020-bon-deroulement-du-tirage-au-sort-des-pelerins\/","title":{"rendered":"Hadj 2020 : Bon d\u00e9roulement du tirage au sort des p\u00e8lerins"},"content":{"rendered":"<p>\u00a0Il est \u00e0 signaler, que le quota des p\u00e8lerins alg\u00e9riens, qui \u00e9tait de 36.000 auparavant, a \u00e9t\u00e9 port\u00e9 \u00e0 41.300 au titre de la saison du Hadj 2020.<\/p>\n<p>\u00a0Selon le Premier Minist\u00e8re, \u00ab\u00a0La r\u00e9vision \u00e0 la hausse du quota accord\u00e9 \u00e0 l&rsquo;Alg\u00e9rie par les autorit\u00e9s saoudiennes \u00ab\u00a0vient ainsi r\u00e9pondre \u00e0 une demande de la partie alg\u00e9rienne visant \u00e0 r\u00e9ajuster le nombre des p\u00e8lerins en fonction de la population enregistr\u00e9e au niveau des instances sp\u00e9cialis\u00e9es des Nations Unies\u00a0\u00bb.<\/p>\n<p><strong>Neila B\/ R\u00e9daction Web<\/strong><\/p>\n<p>Auteur: elmoudjahid<br \/>\n<a href=\"http:\/\/www.elmoudjahid.com\/fr\/actualites\/148173\">Cliquez ici pour lire l&rsquo;article depuis sa source.<\/a><\/p>\n","protected":false},"excerpt":{"rendered":"<p>\u00a0Il est \u00e0 signaler, que le quota des p\u00e8lerins alg\u00e9riens, qui \u00e9tait de 36.000 auparavant, a \u00e9t\u00e9 port\u00e9 \u00e0 41.300 au titre de la saison du Hadj 2020. \u00a0Selon le Premier Minist\u00e8re, \u00ab\u00a0La r\u00e9vision \u00e0 la hausse du quota accord\u00e9 \u00e0 l&rsquo;Alg\u00e9rie par les autorit\u00e9s saoudiennes \u00ab\u00a0vient ainsi r\u00e9pondre \u00e0 une demande de la partie [&hellip;]<\/p>\n","protected":false},"author":1744,"featured_media":0,"comment_status":"closed","ping_status":"closed","sticky":false,"template":"","format":"standard","meta":{"fifu_image_url":"","fifu_image_alt":"","footnotes":""},"categories":[73,53],"tags":[],"class_list":["post-75530","post","type-post","status-publish","format-standard","hentry","category-actualite","category-algerie"],"_links":{"self":[{"href":"https:\/\/linitiative.ca\/International\/wp-json\/wp\/v2\/posts\/75530","targetHints":{"allow":["GET"]}}],"collection":[{"href":"https:\/\/linitiative.ca\/International\/wp-json\/wp\/v2\/posts"}],"about":[{"href":"https:\/\/linitiative.ca\/International\/wp-json\/wp\/v2\/types\/post"}],"author":[{"embeddable":true,"href":"https:\/\/linitiative.ca\/International\/wp-json\/wp\/v2\/users\/1744"}],"replies":[{"embeddable":true,"href":"https:\/\/linitiative.ca\/International\/wp-json\/wp\/v2\/comments?post=75530"}],"version-history":[{"count":0,"href":"https:\/\/linitiative.ca\/International\/wp-json\/wp\/v2\/posts\/75530\/revisions"}],"wp:attachment":[{"href":"https:\/\/linitiative.ca\/International\/wp-json\/wp\/v2\/media?parent=75530"}],"wp:term":[{"taxonomy":"category","embeddable":true,"href":"https:\/\/linitiative.ca\/International\/wp-json\/wp\/v2\/categories?post=75530"},{"taxonomy":"post_tag","embeddable":true,"href":"https:\/\/linitiative.ca\/International\/wp-json\/wp\/v2\/tags?post=75530"}],"curies":[{"name":"wp","href":"https:\/\/api.w.org\/{rel}","templated":true}]}}