{"id":75531,"date":"2020-02-08T06:10:00","date_gmt":"2020-02-08T11:10:00","guid":{"rendered":"https:\/\/linitiative.ca\/International\/le-president-tebboune-se-rend-a-addis-abeba-pour-participer-au-33e-sommet-ordinaire-de-lua\/"},"modified":"2020-02-08T06:10:00","modified_gmt":"2020-02-08T11:10:00","slug":"le-president-tebboune-se-rend-a-addis-abeba-pour-participer-au-33e-sommet-ordinaire-de-lua","status":"publish","type":"post","link":"https:\/\/linitiative.ca\/International\/le-president-tebboune-se-rend-a-addis-abeba-pour-participer-au-33e-sommet-ordinaire-de-lua\/","title":{"rendered":"Le pr\u00e9sident Tebboune se rend \u00e0 Addis Abeba pour participer au 33e sommet  ordinaire de l&rsquo;UA"},"content":{"rendered":"<p>La session sera consacr\u00e9e au th\u00e8me \u00ab\u00a0Faire taire les armes: trouver les conditions ad\u00e9quates au d\u00e9veloppement de l&rsquo;Afrique\u00a0\u00bb.<\/p>\n<p>Les chefs d&rsquo;Etat et de gouvernement de l&rsquo;UA \u00e9couteront \u00e9galement un expos\u00e9 qui sera pr\u00e9sent\u00e9 par le pr\u00e9sident de la R\u00e9publique sur \u00ab\u00a0la situation du terrorisme en Afrique et les moyens d&rsquo;y faire face plus efficacement\u00a0\u00bb, a indiqu\u00e9 un communiqu\u00e9 de la pr\u00e9sidence de la R\u00e9publique.<\/p>\n<p>Le Pr\u00e9sident Tebboune devra, en outre, participer \u00e0 la r\u00e9union du Conseil de la paix et de la s\u00e9curit\u00e9 de l&rsquo;UA, dont l&rsquo;Alg\u00e9rie est membre, consacr\u00e9e \u00e0 l&rsquo;examen des derniers d\u00e9veloppements de la situation en Libye et dans la r\u00e9gion du Sahel.<\/p>\n<p>Par ailleurs, le pr\u00e9sident de la R\u00e9publique aura, en marge de cette session, des entretiens bilat\u00e9raux avec nombre de ses homologues africains et de responsables internationaux de haut niveau invit\u00e9s au sommet. (APS)<\/p>\n<p>Auteur: elmoudjahid<br \/>\n<a href=\"http:\/\/www.elmoudjahid.com\/fr\/actualites\/148174\">Cliquez ici pour lire l&rsquo;article depuis sa source.<\/a><\/p>\n","protected":false},"excerpt":{"rendered":"<p>La session sera consacr\u00e9e au th\u00e8me \u00ab\u00a0Faire taire les armes: trouver les conditions ad\u00e9quates au d\u00e9veloppement de l&rsquo;Afrique\u00a0\u00bb. Les chefs d&rsquo;Etat et de gouvernement de l&rsquo;UA \u00e9couteront \u00e9galement un expos\u00e9 qui sera pr\u00e9sent\u00e9 par le pr\u00e9sident de la R\u00e9publique sur \u00ab\u00a0la situation du terrorisme en Afrique et les moyens d&rsquo;y faire face plus efficacement\u00a0\u00bb, a [&hellip;]<\/p>\n","protected":false},"author":1744,"featured_media":0,"comment_status":"closed","ping_status":"closed","sticky":false,"template":"","format":"standard","meta":{"fifu_image_url":"","fifu_image_alt":"","footnotes":""},"categories":[73,53],"tags":[],"class_list":["post-75531","post","type-post","status-publish","format-standard","hentry","category-actualite","category-algerie"],"_links":{"self":[{"href":"https:\/\/linitiative.ca\/International\/wp-json\/wp\/v2\/posts\/75531","targetHints":{"allow":["GET"]}}],"collection":[{"href":"https:\/\/linitiative.ca\/International\/wp-json\/wp\/v2\/posts"}],"about":[{"href":"https:\/\/linitiative.ca\/International\/wp-json\/wp\/v2\/types\/post"}],"author":[{"embeddable":true,"href":"https:\/\/linitiative.ca\/International\/wp-json\/wp\/v2\/users\/1744"}],"replies":[{"embeddable":true,"href":"https:\/\/linitiative.ca\/International\/wp-json\/wp\/v2\/comments?post=75531"}],"version-history":[{"count":0,"href":"https:\/\/linitiative.ca\/International\/wp-json\/wp\/v2\/posts\/75531\/revisions"}],"wp:attachment":[{"href":"https:\/\/linitiative.ca\/International\/wp-json\/wp\/v2\/media?parent=75531"}],"wp:term":[{"taxonomy":"category","embeddable":true,"href":"https:\/\/linitiative.ca\/International\/wp-json\/wp\/v2\/categories?post=75531"},{"taxonomy":"post_tag","embeddable":true,"href":"https:\/\/linitiative.ca\/International\/wp-json\/wp\/v2\/tags?post=75531"}],"curies":[{"name":"wp","href":"https:\/\/api.w.org\/{rel}","templated":true}]}}