{"id":75536,"date":"2020-02-08T10:38:00","date_gmt":"2020-02-08T15:38:00","guid":{"rendered":"https:\/\/linitiative.ca\/International\/msila-et-bordj-bou-arreridj-une-caravane-de-solidarite-dans-les-regions-eloignees\/"},"modified":"2020-02-08T10:38:00","modified_gmt":"2020-02-08T15:38:00","slug":"msila-et-bordj-bou-arreridj-une-caravane-de-solidarite-dans-les-regions-eloignees","status":"publish","type":"post","link":"https:\/\/linitiative.ca\/International\/msila-et-bordj-bou-arreridj-une-caravane-de-solidarite-dans-les-regions-eloignees\/","title":{"rendered":"M&rsquo;SILA ET BORDJ BOU ARRERIDJ   : Une caravane de solidarit\u00e9 dans les r\u00e9gions \u00e9loign\u00e9es"},"content":{"rendered":"<p><br id=\"sep_para_1\" class=\"sep_para access\"\/><\/p>\n<div id=\"para_1\" class=\"para_35454061 resize\">\n<div class=\"texte access firstletter\">Le ministre des Affaires religieuses et des wakfs, Youcef Belmehdi a donn\u00e9, samedi \u00e0 Alger, le coup d&rsquo;envoi d&rsquo;une caravane de solidarit\u00e9 au profit des cat\u00e9gories d\u00e9munies dans les wilayas de M&rsquo;sila et de Bordj Bou Arreridj. Lanc\u00e9e depuis la mosqu\u00e9e Er-Rahma d&rsquo;El Hamiz (Est d&rsquo;Alger), cette caravane sillonnera les deux wilayas de M&rsquo;sila et de Bordj Bou Arreridj et distribuera des denr\u00e9es alimentaires, des couvertures et des appareils de chauffage au profit de pr\u00e8s de 600 familles d\u00e9munies dans les villages, les douars et les r\u00e9gions montagneuses. Organis\u00e9e annuellement par le minist\u00e8re des Affaires religieuses et des wakfs, cette initiative caritative qui s&rsquo;inscrit dans le cadre d&rsquo;un plan national englobant toutes les wilayas du pays, a pour objectif la solidarit\u00e9 avec les cat\u00e9gories d\u00e9munies dans les r\u00e9gions isol\u00e9es. A l&rsquo;occasion, le ministre des Affaires religieuses et des wakfs a salu\u00e9 le r\u00f4le des jeunes b\u00e9n\u00e9voles qui \u00ab\u00a0pr\u00eatent aide et assistance et font du bien \u00e0 ces personnes vuln\u00e9rables, des initiatives pr\u00f4n\u00e9es, \u00e0 maintes reprises, par le Pr\u00e9sident de la R\u00e9publique, Abdelmadjid Tebboune\u00a0\u00bb, exprimant par l\u00e0 m\u00eame son v\u0153ux de voir de telles initiatives de solidarit\u00e9 qui t\u00e9moignent de la \u00ab\u00a0solidarit\u00e9, de la coh\u00e9sion et de l&rsquo;unit\u00e9\u00a0\u00bb du peuple alg\u00e9rien, se multiplier, a-t-il soutenu.<\/div>\n<\/div>\n<p>Auteur: Nadine<br \/>\n<a href=\"https:\/\/www.reflexiondz.net\/M-SILA-ET-BORDJ-BOU-ARRERIDJ-Une-caravane-de-solidarite-dans-les-regions-eloignees_a60514.html\">Cliquez ici pour lire l&rsquo;article depuis sa source.<\/a><\/p>\n","protected":false},"excerpt":{"rendered":"<p>Le ministre des Affaires religieuses et des wakfs, Youcef Belmehdi a donn\u00e9, samedi \u00e0 Alger, le coup d&rsquo;envoi d&rsquo;une caravane de solidarit\u00e9 au profit des cat\u00e9gories d\u00e9munies dans les wilayas de M&rsquo;sila et de Bordj Bou Arreridj. Lanc\u00e9e depuis la mosqu\u00e9e Er-Rahma d&rsquo;El Hamiz (Est d&rsquo;Alger), cette caravane sillonnera les deux wilayas de M&rsquo;sila et [&hellip;]<\/p>\n","protected":false},"author":1740,"featured_media":0,"comment_status":"closed","ping_status":"closed","sticky":false,"template":"","format":"standard","meta":{"fifu_image_url":"","fifu_image_alt":"","footnotes":""},"categories":[53,76],"tags":[],"class_list":["post-75536","post","type-post","status-publish","format-standard","hentry","category-algerie","category-regions"],"_links":{"self":[{"href":"https:\/\/linitiative.ca\/International\/wp-json\/wp\/v2\/posts\/75536","targetHints":{"allow":["GET"]}}],"collection":[{"href":"https:\/\/linitiative.ca\/International\/wp-json\/wp\/v2\/posts"}],"about":[{"href":"https:\/\/linitiative.ca\/International\/wp-json\/wp\/v2\/types\/post"}],"author":[{"embeddable":true,"href":"https:\/\/linitiative.ca\/International\/wp-json\/wp\/v2\/users\/1740"}],"replies":[{"embeddable":true,"href":"https:\/\/linitiative.ca\/International\/wp-json\/wp\/v2\/comments?post=75536"}],"version-history":[{"count":0,"href":"https:\/\/linitiative.ca\/International\/wp-json\/wp\/v2\/posts\/75536\/revisions"}],"wp:attachment":[{"href":"https:\/\/linitiative.ca\/International\/wp-json\/wp\/v2\/media?parent=75536"}],"wp:term":[{"taxonomy":"category","embeddable":true,"href":"https:\/\/linitiative.ca\/International\/wp-json\/wp\/v2\/categories?post=75536"},{"taxonomy":"post_tag","embeddable":true,"href":"https:\/\/linitiative.ca\/International\/wp-json\/wp\/v2\/tags?post=75536"}],"curies":[{"name":"wp","href":"https:\/\/api.w.org\/{rel}","templated":true}]}}