{"id":75537,"date":"2020-02-08T10:38:00","date_gmt":"2020-02-08T15:38:00","guid":{"rendered":"https:\/\/linitiative.ca\/International\/sommet-de-lunion-africaine-le-president-tebboune-a-addis-abeba\/"},"modified":"2020-02-08T10:38:00","modified_gmt":"2020-02-08T15:38:00","slug":"sommet-de-lunion-africaine-le-president-tebboune-a-addis-abeba","status":"publish","type":"post","link":"https:\/\/linitiative.ca\/International\/sommet-de-lunion-africaine-le-president-tebboune-a-addis-abeba\/","title":{"rendered":"SOMMET DE L\u2019UNION AFRICAINE : Le pr\u00e9sident Tebboune  \u00e0 Addis-Abeba"},"content":{"rendered":"<p><br id=\"sep_para_1\" class=\"sep_para access\"\/><\/p>\n<div id=\"para_1\" class=\"para_35454058 resize\">\n<div class=\"texte access firstletter\">Le pr\u00e9sident de la R\u00e9publique, M. Abdelmadjid Tebboune\u00a0 a quitt\u00e9 samedi matin Alger , \u00e0 destination d&rsquo;Addis-Abeba, \u00e0 la t\u00eate d&rsquo;une importante d\u00e9l\u00e9gation pour prendre part \u00e0 la 33\u00e8me session ordinaire de l&rsquo;Assembl\u00e9e des chefs d&rsquo;Etat et de gouvernement de l&rsquo;Union Africaine (UA) dont les travaux de deux jours d\u00e9buteront aujourd\u2019hui dimanche 09 f\u00e9vrier. La session sera consacr\u00e9e au th\u00e8me \u00ab\u00a0Faire taire les armes: trouver les conditions ad\u00e9quates au d\u00e9veloppement de l&rsquo;Afrique\u00a0\u00bb. Les chefs d&rsquo;Etat et de gouvernement de l&rsquo;UA \u00e9couteront \u00e9galement un expos\u00e9 qui sera pr\u00e9sent\u00e9 par le pr\u00e9sident de la R\u00e9publique sur \u00ab\u00a0la situation du terrorisme en Afrique et les moyens d&rsquo;y faire face plus efficacement\u00a0\u00bb, a indiqu\u00e9 un communiqu\u00e9 de la pr\u00e9sidence de la R\u00e9publique. Le Pr\u00e9sident Tebboune devra, en outre, participer \u00e0 la r\u00e9union du Conseil de la paix et de la s\u00e9curit\u00e9 de l&rsquo;UA, dont l&rsquo;Alg\u00e9rie est membre, consacr\u00e9e \u00e0 l&rsquo;examen des derniers d\u00e9veloppements de la situation en Libye et dans la r\u00e9gion du Sahel. Par ailleurs, le pr\u00e9sident de la R\u00e9publique aura, en marge de cette session, des entretiens bilat\u00e9raux avec nombre de ses homologues africains et de responsables internationaux de haut niveau invit\u00e9s au sommet.<\/div>\n<\/div>\n<p>Auteur: Ismain<br \/>\n<a href=\"https:\/\/www.reflexiondz.net\/SOMMET-DE-L-UNION-AFRICAINE-Le-president-Tebboune-a-Addis-Abeba_a60513.html\">Cliquez ici pour lire l&rsquo;article depuis sa source.<\/a><\/p>\n","protected":false},"excerpt":{"rendered":"<p>Le pr\u00e9sident de la R\u00e9publique, M. Abdelmadjid Tebboune\u00a0 a quitt\u00e9 samedi matin Alger , \u00e0 destination d&rsquo;Addis-Abeba, \u00e0 la t\u00eate d&rsquo;une importante d\u00e9l\u00e9gation pour prendre part \u00e0 la 33\u00e8me session ordinaire de l&rsquo;Assembl\u00e9e des chefs d&rsquo;Etat et de gouvernement de l&rsquo;Union Africaine (UA) dont les travaux de deux jours d\u00e9buteront aujourd\u2019hui dimanche 09 f\u00e9vrier. La [&hellip;]<\/p>\n","protected":false},"author":1740,"featured_media":0,"comment_status":"closed","ping_status":"closed","sticky":false,"template":"","format":"standard","meta":{"fifu_image_url":"","fifu_image_alt":"","footnotes":""},"categories":[53,76],"tags":[],"class_list":["post-75537","post","type-post","status-publish","format-standard","hentry","category-algerie","category-regions"],"_links":{"self":[{"href":"https:\/\/linitiative.ca\/International\/wp-json\/wp\/v2\/posts\/75537","targetHints":{"allow":["GET"]}}],"collection":[{"href":"https:\/\/linitiative.ca\/International\/wp-json\/wp\/v2\/posts"}],"about":[{"href":"https:\/\/linitiative.ca\/International\/wp-json\/wp\/v2\/types\/post"}],"author":[{"embeddable":true,"href":"https:\/\/linitiative.ca\/International\/wp-json\/wp\/v2\/users\/1740"}],"replies":[{"embeddable":true,"href":"https:\/\/linitiative.ca\/International\/wp-json\/wp\/v2\/comments?post=75537"}],"version-history":[{"count":0,"href":"https:\/\/linitiative.ca\/International\/wp-json\/wp\/v2\/posts\/75537\/revisions"}],"wp:attachment":[{"href":"https:\/\/linitiative.ca\/International\/wp-json\/wp\/v2\/media?parent=75537"}],"wp:term":[{"taxonomy":"category","embeddable":true,"href":"https:\/\/linitiative.ca\/International\/wp-json\/wp\/v2\/categories?post=75537"},{"taxonomy":"post_tag","embeddable":true,"href":"https:\/\/linitiative.ca\/International\/wp-json\/wp\/v2\/tags?post=75537"}],"curies":[{"name":"wp","href":"https:\/\/api.w.org\/{rel}","templated":true}]}}