{"id":75539,"date":"2020-02-08T10:45:00","date_gmt":"2020-02-08T15:45:00","guid":{"rendered":"https:\/\/linitiative.ca\/International\/problemes-destomac-pour-tayeb-louh\/"},"modified":"2020-02-08T10:45:00","modified_gmt":"2020-02-08T15:45:00","slug":"problemes-destomac-pour-tayeb-louh","status":"publish","type":"post","link":"https:\/\/linitiative.ca\/International\/problemes-destomac-pour-tayeb-louh\/","title":{"rendered":"Probl\u00e8mes d\u2019estomac pour Tayeb Louh"},"content":{"rendered":"<p><br id=\"sep_para_1\" class=\"sep_para access\"\/><\/p>\n<div id=\"para_1\" class=\"para_35454084 resize\">\n<div class=\"texte access firstletter\">Tayeb Louh, ex-ministre de la Justice, incarc\u00e9r\u00e9 \u00e0 la prison d\u2019El-Harrach depuis le 22 ao\u00fbt 2019 vit mal son emprisonnement, rapporte une source m\u00e9diatique. Affaibli, il aurait, selon la m\u00eame source,\u00a0 \u00e9t\u00e9\u00a0 hospitalis\u00e9 en toute urgence la semaine pass\u00e9e. La m\u00eame source d\u2019information r\u00e9v\u00e8le qu\u2019il avait \u00e9t\u00e9 transf\u00e9r\u00e9, d\u2019abord, \u00e0 l\u2019h\u00f4pital de Beni-Messous pour subir des soins. L\u2019ex-puissant ministre se plaindrait de probl\u00e8mes d\u2019estomac. Pour\u00a0 rappel, Tayeb Louh est poursuivi pour \u00ab abus de fonction \u00bb, \u00ab entrave au bon fonctionnement de la justice \u00bb, \u00ab incitation \u00e0 la falsification de proc\u00e8s-verbaux officiels \u00bb et \u00ab incitation \u00e0 la partialit\u00e9 \u00bb. De graves chefs d\u2019inculpation qui peuvent lui valoir de longues ann\u00e9es de prison ferme.<\/div>\n<\/div>\n<p>Auteur: R\u00e9flexion<br \/>\n<a href=\"https:\/\/www.reflexiondz.net\/Problemes-d-estomac-pour-Tayeb-Louh_a60520.html\">Cliquez ici pour lire l&rsquo;article depuis sa source.<\/a><\/p>\n","protected":false},"excerpt":{"rendered":"<p>Tayeb Louh, ex-ministre de la Justice, incarc\u00e9r\u00e9 \u00e0 la prison d\u2019El-Harrach depuis le 22 ao\u00fbt 2019 vit mal son emprisonnement, rapporte une source m\u00e9diatique. Affaibli, il aurait, selon la m\u00eame source,\u00a0 \u00e9t\u00e9\u00a0 hospitalis\u00e9 en toute urgence la semaine pass\u00e9e. La m\u00eame source d\u2019information r\u00e9v\u00e8le qu\u2019il avait \u00e9t\u00e9 transf\u00e9r\u00e9, d\u2019abord, \u00e0 l\u2019h\u00f4pital de Beni-Messous pour subir [&hellip;]<\/p>\n","protected":false},"author":1740,"featured_media":0,"comment_status":"closed","ping_status":"closed","sticky":false,"template":"","format":"standard","meta":{"fifu_image_url":"","fifu_image_alt":"","footnotes":""},"categories":[53,76],"tags":[],"class_list":["post-75539","post","type-post","status-publish","format-standard","hentry","category-algerie","category-regions"],"_links":{"self":[{"href":"https:\/\/linitiative.ca\/International\/wp-json\/wp\/v2\/posts\/75539","targetHints":{"allow":["GET"]}}],"collection":[{"href":"https:\/\/linitiative.ca\/International\/wp-json\/wp\/v2\/posts"}],"about":[{"href":"https:\/\/linitiative.ca\/International\/wp-json\/wp\/v2\/types\/post"}],"author":[{"embeddable":true,"href":"https:\/\/linitiative.ca\/International\/wp-json\/wp\/v2\/users\/1740"}],"replies":[{"embeddable":true,"href":"https:\/\/linitiative.ca\/International\/wp-json\/wp\/v2\/comments?post=75539"}],"version-history":[{"count":0,"href":"https:\/\/linitiative.ca\/International\/wp-json\/wp\/v2\/posts\/75539\/revisions"}],"wp:attachment":[{"href":"https:\/\/linitiative.ca\/International\/wp-json\/wp\/v2\/media?parent=75539"}],"wp:term":[{"taxonomy":"category","embeddable":true,"href":"https:\/\/linitiative.ca\/International\/wp-json\/wp\/v2\/categories?post=75539"},{"taxonomy":"post_tag","embeddable":true,"href":"https:\/\/linitiative.ca\/International\/wp-json\/wp\/v2\/tags?post=75539"}],"curies":[{"name":"wp","href":"https:\/\/api.w.org\/{rel}","templated":true}]}}