{"id":75540,"date":"2020-02-08T13:45:00","date_gmt":"2020-02-08T18:45:00","guid":{"rendered":"https:\/\/linitiative.ca\/International\/mostaganem-les-alienes-mentaux-squattent-la-ville\/"},"modified":"2020-02-08T13:45:00","modified_gmt":"2020-02-08T18:45:00","slug":"mostaganem-les-alienes-mentaux-squattent-la-ville","status":"publish","type":"post","link":"https:\/\/linitiative.ca\/International\/mostaganem-les-alienes-mentaux-squattent-la-ville\/","title":{"rendered":"MOSTAGANEM : Les ali\u00e9n\u00e9s mentaux squattent la ville"},"content":{"rendered":"<p><br id=\"sep_para_1\" class=\"sep_para access\"\/><\/p>\n<div id=\"para_1\" class=\"para_35455451 resize\">\n<div class=\"photo shadow left\"><a href=\"javascript:void(0)\" rel=\"https:\/\/www.reflexiondz.net\/photo\/art\/grande\/42593126-35455451.jpg?v=1581189265&#038;ibox\" title=\"MOSTAGANEM : Les ali\u00e9n\u00e9s mentaux squattent la ville\"><img decoding=\"async\" class=\"responsive c9\" src=\"https:\/\/www.reflexiondz.net\/photo\/art\/grande\/42593126-35455451.jpg?v=1581189265\" alt=\"MOSTAGANEM : Les ali\u00e9n\u00e9s mentaux squattent la ville\" title=\"MOSTAGANEM : Les ali\u00e9n\u00e9s mentaux squattent la ville\"\/><img decoding=\"async\" class=\"not-responsive\" src=\"https:\/\/www.reflexiondz.net\/photo\/art\/default\/42593126-35455451.jpg?v=1581189265\" alt=\"MOSTAGANEM : Les ali\u00e9n\u00e9s mentaux squattent la ville\" title=\"MOSTAGANEM : Les ali\u00e9n\u00e9s mentaux squattent la ville\"\/><\/a><\/div>\n<div class=\"texte access firstletter\">Qui de nous n\u2019a pas chang\u00e9 de trottoir pour \u00e9viter quel qu\u2019ali\u00e9n\u00e9 mental au niveau du centre-ville du chef-lieu de la wilaya de Mostaganem ? Combien sont-ils et qui sont-ils ? Adultes qu\u2019ils sont, ont-ils des devoirs et obligations ? Du tout. Ont-ils des droits ? Oui. Parfois pour ne pas dire souvent, ils sont hirsutes, en guenilles, crasseux et naus\u00e9abonds.\u00a0 Comme les temps ont chang\u00e9 et l\u2019individualisme et l\u2019\u00e9go\u00efsme ont prim\u00e9 sur l\u2019altruisme et le b\u00e9n\u00e9volat, nos s\u0153urs et nos fr\u00e8res dans l\u2019humanit\u00e9 d\u2019abord et dans la soci\u00e9t\u00e9 mostagan\u00e9moise ensuite ne posaient pas probl\u00e8me quand \u00e0 leur prise en charge par cette m\u00eame soci\u00e9t\u00e9. Jadis,\u00a0\u00a0 le bain, la coiffure, l\u2019habillement, la nourriture en plus d\u2019un p\u00e9cule au-del\u00e0 d\u2019une aum\u00f4ne et d\u2019une charit\u00e9 \u00e9taient assur\u00e9s et garantis en g\u00e9n\u00e9ral par les proches, les voisins et les amis d\u2019enfance en particulier. S\u2019ils sont peu nombreux \u00e0 travers le territoire de la wilaya, ils sont l\u00e9gion \u00e0 Mostaganem. Parfois violents et agressifs, ils terrorisent la gente f\u00e9minine et les enfants rien que par l\u2019apparition dans leur champ de vision. Mais aussi bien des hommes, l\u2019\u00e9pouvante rencontre qui risque de leur faire regretter le souk. Le malade mental est une victime dangereuse. Tel est l\u2019avis de tout psychiatre. Si pour celui qui est vers\u00e9 dans le vagabondage ou sans domicile fixe tombe sous la sanction de l\u2019article\u00a0 196 du code p\u00e9nal alg\u00e9rien qui stipule qu\u2019\u00ab est coupable de vagabondage et puni de l\u2019emprisonnement d\u2019un (1) \u00e0 six (6) mois, quiconque, n\u2019ayant ni domicile certain, ni moyens de subsistance, n\u2019exerce habituellement ni m\u00e9tier, ni profession bien qu\u2019\u00e9tant apte au travail et qui ne justifie pas avoir sollicit\u00e9 du travail ou qui a refus\u00e9 le travail r\u00e9mun\u00e9r\u00e9 qui lui \u00e9tait offert. \u00bb, l\u2019autre le\u00a0 bien loti et bien nourri quant \u00e0 lui tombe sous le coup de l\u2019intervention des autorit\u00e9s locales charg\u00e9es de le diriger vers des institutions\u00a0 cr\u00e9\u00e9es pour l\u2019accueillir dont des\u00a0 centres sp\u00e9cialis\u00e9s et des h\u00f4pitaux psychiatriques. Certains patients d\u00e9pendants de l\u2019alcool et de drogues, anxieux et d\u00e9pressifs, fl\u00e2nent \u00e0 longueur de journ\u00e9e souvent autour du parvis de la grande poste, ivres, canettes de bi\u00e8re et autres packs de vin rouge \u00e0 la main et tra\u00eenant des \u00ab pseudos-biens \u00bb h\u00e9t\u00e9roclites qui soulignent l\u2019\u00e9tat avanc\u00e9 du d\u00e9rangement de l\u2019\u00e9tat mental. A qui incombe la responsabilit\u00e9 du ramassage des ali\u00e9n\u00e9s et autres vagabonds et sdf ? Aux \u00e9lus locaux en premier lieu qui devraient solliciter, le cas \u00e9ch\u00e9ant, la DASS et la DSP. Les cas de refus des proches d\u2019interner un des leur et la d\u00e9sertion des patients des centres sp\u00e9cialis\u00e9s sanctionnent une soci\u00e9t\u00e9 qui a besoin de r\u00e9pit apr\u00e8s la recrudescence de la d\u00e9linquance et chez laquelle consulter un psychiatre est vu comme un d\u00e9shonneur et en particulier pour une jeune fille qui risque de ne pas trouver de bague \u00e0 son doigt et qui passe par l\u2019exorciste ou le charlatan avant d\u2019atterrir chez le sp\u00e9cialiste.\u00a0\u00a0\u00a0\u00a0\u00a0\u00a0\u00a0\u00a0\u00a0\u00a0\u00a0\u00a0\u00a0\u00a0\u00a0\u00a0\u00a0\u00a0\u00a0\u00a0\u00a0\u00a0\u00a0\u00a0\u00a0\u00a0\u00a0\u00a0\u00a0\u00a0\u00a0\u00a0\u00a0\u00a0\u00a0\u00a0\u00a0\u00a0\u00a0\u00a0\u00a0\u00a0\u00a0\u00a0\u00a0\u00a0\u00a0\u00a0\u00a0\u00a0\u00a0\u00a0\u00a0\u00a0\u00a0\u00a0\u00a0\u00a0\u00a0\u00a0\u00a0<\/div>\n<\/div>\n<p>Auteur: Benatia<br \/>\n<a href=\"https:\/\/www.reflexiondz.net\/MOSTAGANEM-Les-alienes-mentaux-squattent-la-ville_a60522.html\">Cliquez ici pour lire l&rsquo;article depuis sa source.<\/a><\/p>\n","protected":false},"excerpt":{"rendered":"<p>Qui de nous n\u2019a pas chang\u00e9 de trottoir pour \u00e9viter quel qu\u2019ali\u00e9n\u00e9 mental au niveau du centre-ville du chef-lieu de la wilaya de Mostaganem ? Combien sont-ils et qui sont-ils ? Adultes qu\u2019ils sont, ont-ils des devoirs et obligations ? Du tout. Ont-ils des droits ? Oui. Parfois pour ne pas dire souvent, ils sont [&hellip;]<\/p>\n","protected":false},"author":1740,"featured_media":0,"comment_status":"closed","ping_status":"closed","sticky":false,"template":"","format":"standard","meta":{"fifu_image_url":"","fifu_image_alt":"","footnotes":""},"categories":[53,76],"tags":[],"class_list":["post-75540","post","type-post","status-publish","format-standard","hentry","category-algerie","category-regions"],"_links":{"self":[{"href":"https:\/\/linitiative.ca\/International\/wp-json\/wp\/v2\/posts\/75540","targetHints":{"allow":["GET"]}}],"collection":[{"href":"https:\/\/linitiative.ca\/International\/wp-json\/wp\/v2\/posts"}],"about":[{"href":"https:\/\/linitiative.ca\/International\/wp-json\/wp\/v2\/types\/post"}],"author":[{"embeddable":true,"href":"https:\/\/linitiative.ca\/International\/wp-json\/wp\/v2\/users\/1740"}],"replies":[{"embeddable":true,"href":"https:\/\/linitiative.ca\/International\/wp-json\/wp\/v2\/comments?post=75540"}],"version-history":[{"count":0,"href":"https:\/\/linitiative.ca\/International\/wp-json\/wp\/v2\/posts\/75540\/revisions"}],"wp:attachment":[{"href":"https:\/\/linitiative.ca\/International\/wp-json\/wp\/v2\/media?parent=75540"}],"wp:term":[{"taxonomy":"category","embeddable":true,"href":"https:\/\/linitiative.ca\/International\/wp-json\/wp\/v2\/categories?post=75540"},{"taxonomy":"post_tag","embeddable":true,"href":"https:\/\/linitiative.ca\/International\/wp-json\/wp\/v2\/tags?post=75540"}],"curies":[{"name":"wp","href":"https:\/\/api.w.org\/{rel}","templated":true}]}}