{"id":75541,"date":"2020-02-08T03:30:00","date_gmt":"2020-02-08T08:30:00","guid":{"rendered":"https:\/\/linitiative.ca\/International\/olfa-terras-le-basculement-en-politique-sest-avere-un-chemin-rugueux-seme-dembuches\/"},"modified":"2020-02-08T03:30:00","modified_gmt":"2020-02-08T08:30:00","slug":"olfa-terras-le-basculement-en-politique-sest-avere-un-chemin-rugueux-seme-dembuches","status":"publish","type":"post","link":"https:\/\/linitiative.ca\/International\/olfa-terras-le-basculement-en-politique-sest-avere-un-chemin-rugueux-seme-dembuches\/","title":{"rendered":"Olfa Terras : le basculement en politique s\u2019est av\u00e9r\u00e9 un chemin rugueux sem\u00e9 d\u2019emb\u00fbches&#8230;"},"content":{"rendered":"<h2>Comment trouvez-vous l\u2019ARP?<\/h2>\n<p>L\u2019accueil que j\u2019ai re\u00e7u \u00e0 l\u2019ARP a \u00e9t\u00e9 plut\u00f4t cordial et bon enfant, dans un esprit \u2018\u2019rentr\u00e9e des classes\u2019\u2019. C\u2019\u00e9tait un changement bienvenu, apr\u00e8s une campagne marqu\u00e9e par des attaques particuli\u00e8rement violentes et personnelles \u00e0 mon encontre. J\u2019y ai vite pris mes marques, avec aussi notamment la bienveillance des employ\u00e9s de l\u2019ARP, \u00e9tonnamment soucieux de mon bien-\u00eatre.<\/p>\n<p>J\u2019ai vite pris mes marques et int\u00e9gr\u00e9 les deux commissions qui m\u2019int\u00e9ressaient le plus:<\/p>\n<ul>\n<li>La commission des Tunisiens \u00e0 l\u2019\u00e9tranger, convaincue que je suis que nous ne donnons pas assez d\u2019importance \u00e0 notre diaspora qui regorge de talents et qui pourrait contribuer utilement \u00e0 changer la donne en Tunisie.<\/li>\n<li>La commission des droits, libert\u00e9s publiques et relations internationales, car il n\u2019y a pas de d\u00e9veloppement possible sans un Etat de droit et sans attirer les investisseurs \u00e9trangers, notamment dans les secteurs \u00e0 haute valeur ajout\u00e9e.<\/li>\n<\/ul>\n<h2>Seule \u00e9lue des listes de 3ich Tounsi, vous avez rejoint le bloc de la R\u00e9forme nationale conduit par Hsouna Nasfi. Pourquoi ce choix?<\/h2>\n<p>J\u2019ai \u00e9t\u00e9 invit\u00e9e \u00e0 rejoindre le bloc de la R\u00e9forme nationale. Au sein de ce groupe, nous partageons bon nombre de valeurs, m\u00eame si nous ne sommes pas d\u2019accord sur tout, ce qui est normal. Le but est d\u2019\u00eatre plus forts ensemble que la pure somme arithm\u00e9tique des d\u00e9put\u00e9s qui constituent le bloc. Nous organisons tr\u00e8s r\u00e9guli\u00e8rement des groupes de travail et le groupe a pu obtenir des positions importantes dans les diverses commissions parlementaires, en plus du poste de 2e vice-pr\u00e9sident de l\u2019ARP.<\/p>\n<h2>Quelles sont d\u2019apr\u00e8s vous les pr\u00e9occupations majeures qui m\u00e9ritent de votre part une proposition de loi \u00e0 pr\u00e9senter, avec votre bloc, \u00e0 l\u2019ARP?<\/h2>\n<p>J\u2019entends concentrer une grande partie de mon mandat sur la r\u00e9alisation de projets concrets dans ma circonscription de Bizerte. Il y a tant \u00e0 faire dans cette r\u00e9gion qui a \u00e9t\u00e9 d\u00e9laiss\u00e9e par le pouvoir central depuis des d\u00e9cennies, dans les domaines de l\u2019environnement, l\u2019\u00e9conomie sociale et solidaire et la sant\u00e9. C\u2019est sur ces r\u00e9alisations que je veux \u00eatre jug\u00e9e \u00e0 la fin de mon mandat.<\/p>\n<p>Bien entendu, j\u2019ai vocation \u00e0 m\u2019exprimer et \u00e0 m\u2019engager sur des questions d\u2019ordre national. Je n\u2019ai d\u2019ailleurs jamais h\u00e9sit\u00e9 \u00e0 me rendre dans d\u2019autres r\u00e9gions de la Tunisie comme ce fut le cas avec la cr\u00e9ation du centre culturel et des arts de la montagne \u00e0 Jbel Semmama.<\/p>\n<h2>Pour vous, la page 3ich Tounsi est d\u00e9finitivement tourn\u00e9e?<\/h2>\n<p>3ich Tounsi est une association qui a \u00e9t\u00e9 fond\u00e9e sur cette statistique effrayante que la priorit\u00e9 num\u00e9ro 1 des jeunes de 18 \u00e0 30 ans est de quitter la Tunisie. A partir de l\u00e0, un vaste dialogue jamais entrepris auparavant a \u00e9t\u00e9 men\u00e9 avec la population, et cela a culmin\u00e9 avec la grande consultation aupr\u00e8s de plus de 400.000 personnes, un \u00e9chantillon sciemment tr\u00e8s important. En a \u00e9merg\u00e9 une feuille de route, qui a \u00e9t\u00e9 sign\u00e9e par pas moins de 1 million de Tunisiens, et que l\u2019on a pris pour un mandat de repr\u00e9sentation, mais le basculement en politique s\u2019est av\u00e9r\u00e9 un chemin rugueux sem\u00e9 d\u2019emb\u00fbches&#8230;<\/p>\n<p>Une approche diff\u00e9rente de la voie \u00ab antisyst\u00e8me \u00bb a \u00e9t\u00e9 couronn\u00e9e par le succ\u00e8s \u00e9lectoral, avec l\u2019\u00e9lection de Ka\u00efs Sa\u00efed \u00e0 Carthage. Mais, pour 3ich Tounsi, r\u00e9pondre aux exigences attendues d\u2019un nouvel entrant dans l\u2019ar\u00e8ne politique a \u00e9t\u00e9 compliqu\u00e9, \u00e0 cause de facteurs exog\u00e8nes, comme l\u2019obsession pour le scrutin pr\u00e9sidentiel plut\u00f4t que l\u00e9gislatif, mais aussi \u00e0 cause d\u2019erreurs commises en interne\u2026<\/p>\n<p>La page 3ich Tounsi est tourn\u00e9e, et de nombreuses le\u00e7ons ont \u00e9t\u00e9 apprises. Une \u00e9quipe politique aguerrie sur le terrain, un programme, mais aussi une gouvernance claire \u00e0 la t\u00eate de l\u2019organisation, sont des \u00e9l\u00e9ments n\u00e9cessaires \u00e0 obtenir une repr\u00e9sentation cons\u00e9quente \u00e0 l\u2019ARP.<\/p>\n<h2>Est-ce que vous r\u00e9fl\u00e9chissez \u00e0 un format de rassemblement et d\u2019action avec ceux qui ont ralli\u00e9 votre programme?<\/h2>\n<p>Je n\u2019y pense pas du tout en ce moment. Je me concentre sur mon mandat de d\u00e9put\u00e9, j\u2019ai une responsabilit\u00e9 envers mes \u00e9lecteurs et je travaillerai en mon \u00e2me et conscience pour le bien du pays comme je l\u2019ai toujours fait.<\/p>\n<h2>O\u00f9 en est votre fondation?<\/h2>\n<p>La fondation n\u2019a jamais cess\u00e9 ses activit\u00e9s. Nous continuons \u00e0 soutenir les artistes avec entre autres le prix pour l\u2019art et la culture qui est \u00e0 sa troisi\u00e8me \u00e9dition cette a ann\u00e9e, \u00e0 donner des bourses d\u2019\u00e9tudes dans des domaines aussi vari\u00e9s que les sciences politiques, la nanotechnologie, la m\u00e9decine et la musique. L\u2019ann\u00e9e derni\u00e8re, nous avons beaucoup travaill\u00e9 sur l\u2019artisanat et nous avons produit une cartographie raisonn\u00e9e de l\u2019artisanat tunisien en collaboration avec l\u2019Onat, c\u2019est un travail gigantesque qui vise \u00e0 mettre en place une carte nationale num\u00e9rique interactive r\u00e9pertoriant les diff\u00e9rents m\u00e9tiers et secteurs de l\u2019artisanat de chaque village et r\u00e9gion de Tunisie. L\u2019objectif est de promouvoir la richesse artisanale tunisienne en permettant notamment de pr\u00e9server les archives nationales et de sauvegarder le patrimoine. C\u2019est ce genre de projets structurants et innovants qui changent les choses en profondeur et pour les g\u00e9n\u00e9rations futures que j\u2019essaye de mettre en place en Tunisie.<\/p>\n<h2>Quel a \u00e9t\u00e9 pour vous le moment le plus heureux de votre vie priv\u00e9e?<\/h2>\n<p>Sans doute la naissance de mes enfants. C\u2019est un moment magique.<\/p>\n<h2>Quel grand moment de bonheur et d\u2019accomplissement attendez-vous d\u00e9sormais le plus?<\/h2>\n<p>Je n\u2019attends rien. J\u2019essaye juste d\u2019\u00eatre utile et de ne pas perdre ma bienveillance.<\/p>\n<p>Maman de cinq enfants, d\u00e9put\u00e9e, pr\u00e9sidente d\u2019une fondation dynamique, vivant entre la Tunisie et l\u2019Europe, comment vous organisez-vous pour mener cette vie tr\u00e8s intense?<\/p>\n<p>Je fais comme toutes les mamans du monde, je travaille dur et je ne me plains jamais..<\/p>\n<p class=\"c3\"><strong>Propos recueillis par Fatma Hentati<\/strong><\/p>\n<p class=\"c4\"><strong>Lire aussi:<\/strong><\/p>\n<p class=\"c4\"><a href=\"https:\/\/www.leaders.com.tn\/article\/29046-olfa-terras-une-nouvelle-vie-au-bardo\" target=\"_blank\" rel=\"noopener noreferrer\">Olfa Terras: une nouvelle vie au Bardo<\/a><\/p>\n<p>Auteur:<br \/>\n<a href=\"https:\/\/www.leaders.com.tn\/article\/29049-olfa-terras\">Cliquez ici pour lire l&rsquo;article depuis sa source.<\/a><\/p>\n","protected":false},"excerpt":{"rendered":"<p>Comment trouvez-vous l\u2019ARP? L\u2019accueil que j\u2019ai re\u00e7u \u00e0 l\u2019ARP a \u00e9t\u00e9 plut\u00f4t cordial et bon enfant, dans un esprit \u2018\u2019rentr\u00e9e des classes\u2019\u2019. C\u2019\u00e9tait un changement bienvenu, apr\u00e8s une campagne marqu\u00e9e par des attaques particuli\u00e8rement violentes et personnelles \u00e0 mon encontre. J\u2019y ai vite pris mes marques, avec aussi notamment la bienveillance des employ\u00e9s de l\u2019ARP, [&hellip;]<\/p>\n","protected":false},"author":1772,"featured_media":0,"comment_status":"closed","ping_status":"closed","sticky":false,"template":"","format":"standard","meta":{"fifu_image_url":"","fifu_image_alt":"","footnotes":""},"categories":[73,55],"tags":[],"class_list":["post-75541","post","type-post","status-publish","format-standard","hentry","category-actualite","category-tunisie"],"_links":{"self":[{"href":"https:\/\/linitiative.ca\/International\/wp-json\/wp\/v2\/posts\/75541","targetHints":{"allow":["GET"]}}],"collection":[{"href":"https:\/\/linitiative.ca\/International\/wp-json\/wp\/v2\/posts"}],"about":[{"href":"https:\/\/linitiative.ca\/International\/wp-json\/wp\/v2\/types\/post"}],"author":[{"embeddable":true,"href":"https:\/\/linitiative.ca\/International\/wp-json\/wp\/v2\/users\/1772"}],"replies":[{"embeddable":true,"href":"https:\/\/linitiative.ca\/International\/wp-json\/wp\/v2\/comments?post=75541"}],"version-history":[{"count":0,"href":"https:\/\/linitiative.ca\/International\/wp-json\/wp\/v2\/posts\/75541\/revisions"}],"wp:attachment":[{"href":"https:\/\/linitiative.ca\/International\/wp-json\/wp\/v2\/media?parent=75541"}],"wp:term":[{"taxonomy":"category","embeddable":true,"href":"https:\/\/linitiative.ca\/International\/wp-json\/wp\/v2\/categories?post=75541"},{"taxonomy":"post_tag","embeddable":true,"href":"https:\/\/linitiative.ca\/International\/wp-json\/wp\/v2\/tags?post=75541"}],"curies":[{"name":"wp","href":"https:\/\/api.w.org\/{rel}","templated":true}]}}