{"id":75545,"date":"2020-02-08T11:32:00","date_gmt":"2020-02-08T16:32:00","guid":{"rendered":"https:\/\/linitiative.ca\/International\/abdelhay-chouikha-leader-de-luget-et-eminent-financier-est-decede\/"},"modified":"2020-02-08T11:32:00","modified_gmt":"2020-02-08T16:32:00","slug":"abdelhay-chouikha-leader-de-luget-et-eminent-financier-est-decede","status":"publish","type":"post","link":"https:\/\/linitiative.ca\/International\/abdelhay-chouikha-leader-de-luget-et-eminent-financier-est-decede\/","title":{"rendered":"Abdelhay Chouikha, leader de l\u2019UGET et \u00e9minent financier est d\u00e9c\u00e9d\u00e9"},"content":{"rendered":"<p>Grande figure du mouvement estudiantin et d\u00e9mocratique tunisien et financier \u00e9m\u00e9rite, Abdelhay Chouikha est d\u00e9c\u00e9d\u00e9 samedi, \u00e0 la suite d\u2019une longue maladie. Dipl\u00f4m\u00e9 de l\u2019Universit\u00e9 de Columbia (New York), secr\u00e9taire g\u00e9n\u00e9ral de l\u2019UGET (\u00e9lu lors du congr\u00e8s de Nabeul (ao\u00fbt 1966), longtemps premier conseiller aupr\u00e8s de l\u2019autorit\u00e9 koweitienne d\u2019investissement (KIA), il s\u2019est r\u00e9install\u00e9 \u00e0 Tunis apr\u00e8s l\u2019invasion du Koweit. Sollicit\u00e9 par de nombreuses banques, institutions et entreprises, Abdelhay Chouikha a si\u00e9g\u00e9 au conseil d\u2019administration de la Banque Zitouna, et Assad, au Conseil du March\u00e9 financier CMF), et a \u00e9t\u00e9 conseiller aupr\u00e8s de la direction g\u00e9n\u00e9rale de Dhaman. Chouikha \u00e9tait \u00e9galement membre du Centre de Tunis d\u2019arbitrage et de conciliation, ainsi que du jury de l\u2019ATB Challenge pour encourager les jeunes promoteurs d\u2019entreprises.<\/p>\n<p>Tout au long de son s\u00e9jour \u00e0 Koweit City, Abdelhay Chouikha n\u2019avait cess\u00e9, comme Mustapha El Kadhi, Ali Boukhris, Mohamed Kacem et d\u2019autres hauts cadres tunisiens y oeuvrant, de soutenir la coop\u00e9ration bilat\u00e9rale entre les deux pays, de pr\u00eater main forte \u00e0 l\u2019ambassade de Tunisie et d\u2019apporter conseil\u00a0et appui aux Tunisiens qui y \u00e9taient \u00e9tablis ou s\u2019y rendaient en voyage d\u2019affaires ou en mission. Le jour de l\u2019invasion irakienne du Koweit, le 2 ao\u00fbt 1990, il \u00e9tait l\u2019un des premiers \u00e0 donner l\u2019alerte \u00e0 ses compatriotes, leur apportant secours. <a href=\"https:\/\/www.leaders.com.tn\/article\/20343-abdelhay-chouikha-l-invasion-du-koweit-en-1990-a-qui-a-t-elle-profite\">Son t\u00e9moignage sur ces moments p\u00e9nibles,<\/a> publi\u00e9 27 ans apr\u00e8s \u00e0 la demande r\u00e9it\u00e9r\u00e9e de <span class=\"c2\"><em><strong>Leaders<\/strong><\/em><\/span>, a pris valeur de document utile pour les historiens.<\/p>\n<p>De ses oncles maternels, Mongi et Ta\u00efeb Slim, qui l\u2019avaient incit\u00e9 \u00e0 poursuivre ses \u00e9tudes universitaires aux Etats-Unis, il avait acquis la fibre patriotique militante et l\u2019engagement d\u00e9mocratique. Abdelhay Chouikha sera dans les premiers rangs des opposants au r\u00e9gime du parti unique et pour la libert\u00e9, participant autour d\u2019Ahmed Mestiri, B\u00e9ji Ca\u00efd Essebsi et Hassib Ben Ammar \u00e0 la cr\u00e9ation du Mouvement des d\u00e9mocrates socialistes. Rejoignant le parti Ettakatol, il d\u00e9clinera avec sa courtoisie l\u00e9gendaire les propositions qui lui \u00e9taient faites avec insistance pour rejoindre le gouvernement de la Tro\u00efka et y occuper le minist\u00e8re des Finances. <a href=\"https:\/\/www.leaders.com.tn\/article\/9001-la-demission-du-ministre-des-finances-le-limogeage-de-m-k-nabli-la-crise-economique-et-la-troika-vus-par-abdelhay-chouikha\">Ses analyses de la situation \u00e9conomique en Tunisie, publi\u00e9es sur <span class=\"c2\"><strong><em>Leaders<\/em><\/strong><\/span><\/a> gardent aujourd\u2019hui encore une \u00e9difiante pertinence.<\/p>\n<p>Patriotisme, militantisme et engagement d\u00e9mocratique irr\u00e9ductible, en plus de la comp\u00e9tence, se sont toujours conjugu\u00e9s en lui avec discr\u00e9tion, raffinement et grand sens de l\u2019amiti\u00e9.<\/p>\n<p>Allah Yerhamou\u00a0!<br \/>\u00a0<\/p>\n<p>Auteur:<br \/>\n<a href=\"https:\/\/www.leaders.com.tn\/article\/29083-abdelhay-chouikha-leader-de-l-uget-et-eminent-financier-est-decede\">Cliquez ici pour lire l&rsquo;article depuis sa source.<\/a><\/p>\n","protected":false},"excerpt":{"rendered":"<p>Grande figure du mouvement estudiantin et d\u00e9mocratique tunisien et financier \u00e9m\u00e9rite, Abdelhay Chouikha est d\u00e9c\u00e9d\u00e9 samedi, \u00e0 la suite d\u2019une longue maladie. Dipl\u00f4m\u00e9 de l\u2019Universit\u00e9 de Columbia (New York), secr\u00e9taire g\u00e9n\u00e9ral de l\u2019UGET (\u00e9lu lors du congr\u00e8s de Nabeul (ao\u00fbt 1966), longtemps premier conseiller aupr\u00e8s de l\u2019autorit\u00e9 koweitienne d\u2019investissement (KIA), il s\u2019est r\u00e9install\u00e9 \u00e0 Tunis [&hellip;]<\/p>\n","protected":false},"author":1772,"featured_media":0,"comment_status":"closed","ping_status":"closed","sticky":false,"template":"","format":"standard","meta":{"fifu_image_url":"","fifu_image_alt":"","footnotes":""},"categories":[73,55],"tags":[],"class_list":["post-75545","post","type-post","status-publish","format-standard","hentry","category-actualite","category-tunisie"],"_links":{"self":[{"href":"https:\/\/linitiative.ca\/International\/wp-json\/wp\/v2\/posts\/75545","targetHints":{"allow":["GET"]}}],"collection":[{"href":"https:\/\/linitiative.ca\/International\/wp-json\/wp\/v2\/posts"}],"about":[{"href":"https:\/\/linitiative.ca\/International\/wp-json\/wp\/v2\/types\/post"}],"author":[{"embeddable":true,"href":"https:\/\/linitiative.ca\/International\/wp-json\/wp\/v2\/users\/1772"}],"replies":[{"embeddable":true,"href":"https:\/\/linitiative.ca\/International\/wp-json\/wp\/v2\/comments?post=75545"}],"version-history":[{"count":0,"href":"https:\/\/linitiative.ca\/International\/wp-json\/wp\/v2\/posts\/75545\/revisions"}],"wp:attachment":[{"href":"https:\/\/linitiative.ca\/International\/wp-json\/wp\/v2\/media?parent=75545"}],"wp:term":[{"taxonomy":"category","embeddable":true,"href":"https:\/\/linitiative.ca\/International\/wp-json\/wp\/v2\/categories?post=75545"},{"taxonomy":"post_tag","embeddable":true,"href":"https:\/\/linitiative.ca\/International\/wp-json\/wp\/v2\/tags?post=75545"}],"curies":[{"name":"wp","href":"https:\/\/api.w.org\/{rel}","templated":true}]}}