{"id":75549,"date":"2020-02-08T05:49:57","date_gmt":"2020-02-08T10:49:57","guid":{"rendered":"https:\/\/linitiative.ca\/International\/oxford-business-group-loue-les-reformes-mises-en-oeuvre-par-le-maroc\/"},"modified":"2020-02-08T05:49:57","modified_gmt":"2020-02-08T10:49:57","slug":"oxford-business-group-loue-les-reformes-mises-en-oeuvre-par-le-maroc","status":"publish","type":"post","link":"https:\/\/linitiative.ca\/International\/oxford-business-group-loue-les-reformes-mises-en-oeuvre-par-le-maroc\/","title":{"rendered":"Oxford Business Group loue les r\u00e9formes mises en \u0153uvre par le Maroc"},"content":{"rendered":"<p><strong>Oxford Business Group vient de livrer la quatri\u00e8me \u00e9dition de son enqu\u00eate \u00ab\u00a0Morocco CEO Survey\u00a0\u00bb. OBG loue notamment les r\u00e9formes mises en \u0153uvre par le royaume et affirme \u00e9galement que la confiance des entreprises reste solide malgr\u00e9 les d\u00e9fis \u00e0 relever pour le d\u00e9veloppement de l\u2019\u00e9conomie du pays.<\/strong><\/p>\n<div class=\"c10\"\/>\n<p>Les progr\u00e8s r\u00e9alis\u00e9s ces derni\u00e8res ann\u00e9es au Maroc, les efforts d\u00e9ploy\u00e9s actuellement et les <strong>r\u00e9formes<\/strong> \u00e0 venir devraient aider le pays \u00e0 atteindre ses objectifs de d\u00e9veloppement, selon les r\u00e9sultats de la derni\u00e8re enqu\u00eate r\u00e9alis\u00e9e par le cabinet d\u2019intelligence \u00e9conomique <strong>Oxford Business Group<\/strong> (OBG). Dans ce contexte, indique OBG, la confiance des entreprises reste solide malgr\u00e9 les d\u00e9fis \u00e0 relever pour le d\u00e9veloppement de l\u2019\u00e9conomie du pays.<\/p>\n<p>Le cabinet affirme aussi que le Maroc a \u0153uvr\u00e9, au cours des dix derni\u00e8res ann\u00e9es, \u00e0 renforcer les bases de son \u00e9conomie gr\u00e2ce \u00e0 une s\u00e9rie d\u2019initiatives d\u2019envergure tel que le Plan Maroc Vert ou le Plan d\u2019Acc\u00e9l\u00e9ration Industrielle, et \u00e0 am\u00e9liorer son climat des affaires, notant que des progr\u00e8s consid\u00e9rables ont \u00e9t\u00e9 r\u00e9alis\u00e9s et qu\u2019une grande majorit\u00e9 des chefs d\u2019entreprise est optimiste, \u00abvoire tr\u00e8s optimiste quant aux perspectives \u00e9conomiques pour les douze prochains mois \u00bb. Soulignons que dans la quatri\u00e8me \u00e9dition de l\u2019enqu\u00eate \u00ab\u00a0<strong>Morocco CEO Survey<\/strong>\u00a0\u00bb, les experts d\u2019OBG ont interrog\u00e9 des dirigeants d\u2019entreprises de tous types de secteurs et de tailles vari\u00e9es afin de recueillir leurs impressions sur l\u2019environnement des affaires et les perspectives \u00e9conomiques \u00e0 court terme au Maroc. L\u2019enqu\u00eate fait \u00e9galement remarquer que le Maroc a r\u00e9alis\u00e9 un bond consid\u00e9rable dans le classement \u00ab Doing Business\u00bb de la Banque Mondiale, passant de la 128\u00e8me place en 2010 \u00e0 la 53\u00e8me place dans l\u2019\u00e9dition 2020 du rapport, montrant bien que la strat\u00e9gie de r\u00e9formes mise en place pour am\u00e9liorer le climat des affaires a port\u00e9 ses fruits.<\/p>\n<p>Lire aussi: <a href=\"https:\/\/www.challenge.ma\/reforme-des-contrats-ppp-ce-qui-va-changer-avec-la-nouvelle-loi-127898\/\">R\u00e9forme des contrats PPP : Ce qui va changer avec la nouvelle loi<\/a><\/p>\n<p>Le pays est \u00e9galement parvenu \u00e0 ma\u00eetriser son inflation et \u00e0 contenir son d\u00e9ficit budg\u00e9taire, note l\u2019OBG, soulignant qu\u2019une grande majorit\u00e9 des PDG interrog\u00e9s se montrent confiants quant aux perspectives \u00e9conomiques pour l\u2019ann\u00e9e \u00e0 venir et 76% d\u2019entre eux envisagent de r\u00e9aliser d\u2019importants investissements. Le rapport rel\u00e8ve que les secteurs des infrastructures, des \u00e9nergies renouvelables, des services financiers se sont consid\u00e9rablement d\u00e9velopp\u00e9s et le <strong>secteur manufacturier<\/strong> marocain compte parmi les plus dynamiques du continent, notamment dans les segments de la construction automobile et a\u00e9ronautique. L\u2019OBG indique toutefois que ce bilan positif est \u00e0 nuancer, rappelant le diagnostic \u00e9tabli par SM le Roi Mohammed VI dans son discours prononc\u00e9 \u00e0 l\u2019occasion de la F\u00eate du Tr\u00f4ne, en juillet 2019, dans lequel le Souverain d\u00e9plore que \u00ab les progr\u00e8s et les r\u00e9alisations d\u2019ores et d\u00e9j\u00e0 accomplis n\u2019ont malheureusement pas eu des r\u00e9percussions suffisantes sur l\u2019ensemble de la soci\u00e9t\u00e9 marocaine \u00bb.<\/p>\n<p>Le rapport d\u2019OBG rappelle dans ce contexte la cr\u00e9ation, sous l\u2019impulsion de SM le Roi Mohammed VI, de la Commission Sp\u00e9ciale sur le Mod\u00e8le de D\u00e9veloppement qui a \u00e9t\u00e9 charg\u00e9e de remettre un rapport en milieu d\u2019ann\u00e9e 2020. Les auteurs de cette enqu\u00eate indiquent que les conclusions de cette commission permettront d\u2019identifier les obstacles \u00e0 la croissance et de concevoir des politiques assurant une meilleure distribution des richesses et faisant en sorte que l\u2019<strong>essor \u00e9conomique<\/strong> profite \u00e0 tous. L\u2019OBG met en avant par ailleurs, la politique de coop\u00e9ration sud-sud men\u00e9e par le Royaume, notant que depuis quelques ann\u00e9es, le Maroc accorde une place de choix au d\u00e9veloppement de ses relations \u00e9conomiques avec le reste de l\u2019Afrique. De nombreuses entreprises marocaines se sont implant\u00e9es sur le continent, notamment dans les secteurs des services financiers, des t\u00e9l\u00e9communications ou du b\u00e2timent, rappelle la m\u00eame source, notant que le projet de Zone de Libre-\u00c9change Continentale Africaine (<strong>ZLECA<\/strong>), qui vise \u00e0 acc\u00e9l\u00e9rer le commerce intra-africain, est accueilli positivement voire tr\u00e8s positivement par 74% des PDG interrog\u00e9s.<\/p>\n<p>L\u2019Oxford business group a \u00e9galement interrog\u00e9 les chefs d\u2019entreprises sur les facteurs ext\u00e9rieurs pr\u00e9sentant le plus de risques d\u2019impacter l\u2019\u00e9conomie marocaine sur le court \u00e0 moyen terme. 47% d\u2019entre eux ont mentionn\u00e9 la volatilit\u00e9 des cours des mati\u00e8res premi\u00e8res. En effet, explique l\u2019OBG, le Maroc satisfait 90% de ses besoins \u00e9nerg\u00e9tiques gr\u00e2ce aux importations, notant que \u00ab l\u2019instabilit\u00e9 dans les pays voisins et un <strong>protectionnisme<\/strong> accru figurent en deuxi\u00e8me et troisi\u00e8me place des pr\u00e9occupations \u00bb. Pour ce qui est des obstacles \u00e0 la croissance, l\u2019environnement fiscal a \u00e9t\u00e9 jug\u00e9 trop peu comp\u00e9titif par 68% des PDG interrog\u00e9s, contre 55% en 2018 et 57% en 2017.<\/p>\n<p>Les mesures propos\u00e9es \u00e0 l\u2019issue des troisi\u00e8mes <strong>Assises de la Fiscalit\u00e9<\/strong> qui se sont tenues au Maroc en mai 2019 devraient toutefois contribuer \u00e0 am\u00e9liorer la comp\u00e9titivit\u00e9 de ce dernier, estime la m\u00eame source. L\u2019OBG s\u2019est int\u00e9ress\u00e9 \u00e9galement au secteur de l\u2019\u00e9ducation et la formation, expliquant que le Maroc ne saura tirer pleinement profit des grandes avanc\u00e9es r\u00e9alis\u00e9es et en cours, notamment dans les secteurs des services financiers, des t\u00e9l\u00e9communications et de l\u2019informatique sans s\u2019assurer la disponibilit\u00e9 d\u2019une main d\u2019\u0153uvre qualifi\u00e9e. Pour 75% des chefs d\u2019entreprise interrog\u00e9s par OBG, le secteur de l\u2019\u00e9ducation et de la formation est \u00e0 d\u00e9velopper en priorit\u00e9 pour lib\u00e9rer le <strong>potentiel \u00e9conomique<\/strong> du pays. La n\u00e9cessit\u00e9 de former du personnel dans le domaine du leadership a \u00e9t\u00e9 cit\u00e9e par 36% d\u2019entre eux, suivi de l\u2019ing\u00e9nierie (16%) et de la recherche et d\u00e9veloppement (15%), ajoute la m\u00eame source.<\/p>\n<div class=\"c17\">\n<fieldset class=\"c16\">\n<legend><strong><span class=\"c11\">Challenge<\/span><span class=\"c12\">news<\/span><\/strong><\/legend>\n<div class=\"c15\">Le meilleur de Challenge s\u00e9lectionn\u00e9 par la r\u00e9daction :<\/p>\n<\/div>\n<\/fieldset>\n<\/div>\n<p>Auteur: challenge<br \/>\n<a href=\"https:\/\/www.challenge.ma\/oxford-business-group-loue-les-reformes-mises-en-oeuvre-par-le-maroc-129752\/\">Cliquez ici pour lire l&rsquo;article depuis sa source.<\/a><\/p>\n","protected":false},"excerpt":{"rendered":"<p>Oxford Business Group vient de livrer la quatri\u00e8me \u00e9dition de son enqu\u00eate \u00ab\u00a0Morocco CEO Survey\u00a0\u00bb. OBG loue notamment les r\u00e9formes mises en \u0153uvre par le royaume et affirme \u00e9galement que la confiance des entreprises reste solide malgr\u00e9 les d\u00e9fis \u00e0 relever pour le d\u00e9veloppement de l\u2019\u00e9conomie du pays. Les progr\u00e8s r\u00e9alis\u00e9s ces derni\u00e8res ann\u00e9es au [&hellip;]<\/p>\n","protected":false},"author":1787,"featured_media":0,"comment_status":"closed","ping_status":"closed","sticky":false,"template":"","format":"standard","meta":{"fifu_image_url":"","fifu_image_alt":"","footnotes":""},"categories":[78,54],"tags":[],"class_list":["post-75549","post","type-post","status-publish","format-standard","hentry","category-economie","category-maroc"],"_links":{"self":[{"href":"https:\/\/linitiative.ca\/International\/wp-json\/wp\/v2\/posts\/75549","targetHints":{"allow":["GET"]}}],"collection":[{"href":"https:\/\/linitiative.ca\/International\/wp-json\/wp\/v2\/posts"}],"about":[{"href":"https:\/\/linitiative.ca\/International\/wp-json\/wp\/v2\/types\/post"}],"author":[{"embeddable":true,"href":"https:\/\/linitiative.ca\/International\/wp-json\/wp\/v2\/users\/1787"}],"replies":[{"embeddable":true,"href":"https:\/\/linitiative.ca\/International\/wp-json\/wp\/v2\/comments?post=75549"}],"version-history":[{"count":0,"href":"https:\/\/linitiative.ca\/International\/wp-json\/wp\/v2\/posts\/75549\/revisions"}],"wp:attachment":[{"href":"https:\/\/linitiative.ca\/International\/wp-json\/wp\/v2\/media?parent=75549"}],"wp:term":[{"taxonomy":"category","embeddable":true,"href":"https:\/\/linitiative.ca\/International\/wp-json\/wp\/v2\/categories?post=75549"},{"taxonomy":"post_tag","embeddable":true,"href":"https:\/\/linitiative.ca\/International\/wp-json\/wp\/v2\/tags?post=75549"}],"curies":[{"name":"wp","href":"https:\/\/api.w.org\/{rel}","templated":true}]}}