{"id":75553,"date":"2020-02-08T16:14:16","date_gmt":"2020-02-08T21:14:16","guid":{"rendered":"https:\/\/linitiative.ca\/International\/tunisie-le-ministere-de-linterieur-dement-larrestation-dun-terroriste-avec-des-explosifs-au-centre-de-tunis\/"},"modified":"2020-02-08T16:14:16","modified_gmt":"2020-02-08T21:14:16","slug":"tunisie-le-ministere-de-linterieur-dement-larrestation-dun-terroriste-avec-des-explosifs-au-centre-de-tunis","status":"publish","type":"post","link":"https:\/\/linitiative.ca\/International\/tunisie-le-ministere-de-linterieur-dement-larrestation-dun-terroriste-avec-des-explosifs-au-centre-de-tunis\/","title":{"rendered":"Tunisie \u2013 Le minist\u00e8re de l\u2019int\u00e9rieur d\u00e9ment l\u2019arrestation d\u2019un terroriste avec des explosifs au centre de Tunis"},"content":{"rendered":"<div class=\"post-cont-in left relative\">\n<p>Le minist\u00e8re de l\u2019int\u00e9rieur vient de publier un communiqu\u00e9 pour d\u00e9mentir les rumeurs v\u00e9hicul\u00e9es par certaines pages des r\u00e9seaux sociaux, en rapport avec l\u2019arrestation d\u2019un terroriste, en possession d\u2019explosifs, au centre ville de Tunis.<\/p>\n<div class=\"code-block code-block-1 c3\"><ins class=\"adsbygoogle c2\" data-ad-layout=\"in-article\" data-ad-format=\"fluid\" data-ad-client=\"ca-pub-2102118777505746\" data-ad-slot=\"7301775417\"\/> <\/div>\n<p>Le minist\u00e8re affirme qu\u2019aucun terroriste n\u2019a \u00e9t\u00e9 arr\u00eat\u00e9 au centre de Tunis, ni aucun explosif n\u2019a \u00e9t\u00e9 saisi.<\/p>\n<p>Le minist\u00e8re de l\u2019int\u00e9rieur avertit que les pages qui sont en train de relayer de telles intox, ne rel\u00e8vent d\u2019aucune institution s\u00e9curitaire.<\/p>\n<div class=\"swp_social_panel swp_horizontal_panel swp_flat_fresh swp_default_full_color swp_individual_full_color swp_other_full_color scale-100 scale-\" data-min-width=\"1100\" data-float-color=\"#ffffff\" data-float=\"bottom\" data-float-mobile=\"bottom\" data-transition=\"slide\">\n<div class=\"nc_tweetContainer swp_share_button total_shares total_sharesalt\"><span class=\"swp_count\">4 <span class=\"swp_label\">Partages<\/span><\/span><\/div>\n<\/div>\n<p><strong>Que se passe-t-il en Tunisie?<\/strong><br \/>Nous expliquons sur notre <a href=\"https:\/\/www.youtube.com\/channel\/UCRzypVq0B_yBad5eGrwBx0Q?sub_confirmation=1\" target=\"_blank\" rel=\"noopener noreferrer\">cha\u00eene YouTube<\/a> . <a href=\"https:\/\/www.youtube.com\/channel\/UCRzypVq0B_yBad5eGrwBx0Q?sub_confirmation=1\" target=\"_blank\" rel=\"noopener noreferrer\">Abonnez-vous!<\/a><\/p>\n<div class=\"mvp-org-wrap mvp-org-logo\" itemprop=\"publisher\" itemscope=\"\" itemtype=\"https:\/\/schema.org\/Organization\"><img decoding=\"async\" src=\"https:\/\/www.tunisienumerique.com\/wp-content\/uploads\/2017\/02\/logo_tunisie_numerique.png\"\/><\/div>\n<div class=\"mvp-related-posts left relative\">\n<h4 class=\"post-header\"><span class=\"post-header\">Lire aussi<\/span><\/h4>\n<\/div>\n<\/div>\n<p>Auteur: LM<br \/>\n<a href=\"https:\/\/www.tunisienumerique.com\/tunisie-le-ministere-de-linterieur-dement-larrestation-dun-terroriste-avec-des-explosifs-au-centre-de-tunis\/\">Cliquez ici pour lire l&rsquo;article depuis sa source.<\/a><\/p>\n","protected":false},"excerpt":{"rendered":"<p>Le minist\u00e8re de l\u2019int\u00e9rieur vient de publier un communiqu\u00e9 pour d\u00e9mentir les rumeurs v\u00e9hicul\u00e9es par certaines pages des r\u00e9seaux sociaux, en rapport avec l\u2019arrestation d\u2019un terroriste, en possession d\u2019explosifs, au centre ville de Tunis. Le minist\u00e8re affirme qu\u2019aucun terroriste n\u2019a \u00e9t\u00e9 arr\u00eat\u00e9 au centre de Tunis, ni aucun explosif n\u2019a \u00e9t\u00e9 saisi. Le minist\u00e8re de [&hellip;]<\/p>\n","protected":false},"author":1789,"featured_media":75554,"comment_status":"closed","ping_status":"closed","sticky":false,"template":"","format":"standard","meta":{"fifu_image_url":"","fifu_image_alt":"","footnotes":""},"categories":[73,55],"tags":[],"class_list":["post-75553","post","type-post","status-publish","format-standard","has-post-thumbnail","hentry","category-actualite","category-tunisie"],"_links":{"self":[{"href":"https:\/\/linitiative.ca\/International\/wp-json\/wp\/v2\/posts\/75553","targetHints":{"allow":["GET"]}}],"collection":[{"href":"https:\/\/linitiative.ca\/International\/wp-json\/wp\/v2\/posts"}],"about":[{"href":"https:\/\/linitiative.ca\/International\/wp-json\/wp\/v2\/types\/post"}],"author":[{"embeddable":true,"href":"https:\/\/linitiative.ca\/International\/wp-json\/wp\/v2\/users\/1789"}],"replies":[{"embeddable":true,"href":"https:\/\/linitiative.ca\/International\/wp-json\/wp\/v2\/comments?post=75553"}],"version-history":[{"count":0,"href":"https:\/\/linitiative.ca\/International\/wp-json\/wp\/v2\/posts\/75553\/revisions"}],"wp:featuredmedia":[{"embeddable":true,"href":"https:\/\/linitiative.ca\/International\/wp-json\/"}],"wp:attachment":[{"href":"https:\/\/linitiative.ca\/International\/wp-json\/wp\/v2\/media?parent=75553"}],"wp:term":[{"taxonomy":"category","embeddable":true,"href":"https:\/\/linitiative.ca\/International\/wp-json\/wp\/v2\/categories?post=75553"},{"taxonomy":"post_tag","embeddable":true,"href":"https:\/\/linitiative.ca\/International\/wp-json\/wp\/v2\/tags?post=75553"}],"curies":[{"name":"wp","href":"https:\/\/api.w.org\/{rel}","templated":true}]}}