{"id":75555,"date":"2020-02-08T16:24:04","date_gmt":"2020-02-08T21:24:04","guid":{"rendered":"https:\/\/linitiative.ca\/International\/coronavirus-loms-juge-le-plan-de-riposte-tunisien-exemplaire\/"},"modified":"2020-02-08T16:24:04","modified_gmt":"2020-02-08T21:24:04","slug":"coronavirus-loms-juge-le-plan-de-riposte-tunisien-exemplaire","status":"publish","type":"post","link":"https:\/\/linitiative.ca\/International\/coronavirus-loms-juge-le-plan-de-riposte-tunisien-exemplaire\/","title":{"rendered":"Coronavirus : L\u2019OMS juge le plan de riposte tunisien exemplaire"},"content":{"rendered":"<div class=\"post-cont-in left relative\">\n<p>La ministre de la sant\u00e9 par int\u00e9rim, Sonia Ben Cheikh, a eu, en marge de la 146<sup>\u00e8me<\/sup> r\u00e9union du bureau ex\u00e9cutif de l\u2019OMS, \u00e0 Gen\u00e8ve, des entretiens bilat\u00e9raux avec de nombreux acteurs internationaux de la sant\u00e9, dont Tedros Adhanom Ghebreyesis, le directeur ex\u00e9cutif de l\u2019organisation.<\/p>\n<div class=\"code-block code-block-1 c3\"><ins class=\"adsbygoogle c2\" data-ad-layout=\"in-article\" data-ad-format=\"fluid\" data-ad-client=\"ca-pub-2102118777505746\" data-ad-slot=\"7301775417\"\/> <\/div>\n<p>Celui-ci a fait part de son enti\u00e8re satisfaction du plan de riposte pr\u00e9par\u00e9 par la Tunisie dans la pr\u00e9vention et la lutte contre l\u2019\u00e9pid\u00e9mie de coronavirus. Le responsable a consid\u00e9r\u00e9 que le plan tunisien est exemplaire.<\/p>\n<div class=\"swp_social_panel swp_horizontal_panel swp_flat_fresh swp_default_full_color swp_individual_full_color swp_other_full_color scale-100 scale-\" data-min-width=\"1100\" data-float-color=\"#ffffff\" data-float=\"bottom\" data-float-mobile=\"bottom\" data-transition=\"slide\">\n<div class=\"nc_tweetContainer swp_share_button total_shares total_sharesalt\"><span class=\"swp_count\">110 <span class=\"swp_label\">Partages<\/span><\/span><\/div>\n<\/div>\n<p><strong>Que se passe-t-il en Tunisie?<\/strong><br \/>Nous expliquons sur notre <a href=\"https:\/\/www.youtube.com\/channel\/UCRzypVq0B_yBad5eGrwBx0Q?sub_confirmation=1\" target=\"_blank\" rel=\"noopener noreferrer\">cha\u00eene YouTube<\/a> . <a href=\"https:\/\/www.youtube.com\/channel\/UCRzypVq0B_yBad5eGrwBx0Q?sub_confirmation=1\" target=\"_blank\" rel=\"noopener noreferrer\">Abonnez-vous!<\/a><\/p>\n<div class=\"mvp-org-wrap mvp-org-logo\" itemprop=\"publisher\" itemscope=\"\" itemtype=\"https:\/\/schema.org\/Organization\"><img decoding=\"async\" src=\"https:\/\/www.tunisienumerique.com\/wp-content\/uploads\/2017\/02\/logo_tunisie_numerique.png\"\/><\/div>\n<div class=\"mvp-related-posts left relative\">\n<h4 class=\"post-header\"><span class=\"post-header\">Lire aussi<\/span><\/h4>\n<\/div>\n<\/div>\n<p>Auteur: LM<br \/>\n<a href=\"https:\/\/www.tunisienumerique.com\/coronavirus-loms-juge-le-plan-de-riposte-tunisien-exemplaire\/\">Cliquez ici pour lire l&rsquo;article depuis sa source.<\/a><\/p>\n","protected":false},"excerpt":{"rendered":"<p>La ministre de la sant\u00e9 par int\u00e9rim, Sonia Ben Cheikh, a eu, en marge de la 146\u00e8me r\u00e9union du bureau ex\u00e9cutif de l\u2019OMS, \u00e0 Gen\u00e8ve, des entretiens bilat\u00e9raux avec de nombreux acteurs internationaux de la sant\u00e9, dont Tedros Adhanom Ghebreyesis, le directeur ex\u00e9cutif de l\u2019organisation. Celui-ci a fait part de son enti\u00e8re satisfaction du plan [&hellip;]<\/p>\n","protected":false},"author":1789,"featured_media":75556,"comment_status":"closed","ping_status":"closed","sticky":false,"template":"","format":"standard","meta":{"fifu_image_url":"","fifu_image_alt":"","footnotes":""},"categories":[73,55],"tags":[],"class_list":["post-75555","post","type-post","status-publish","format-standard","has-post-thumbnail","hentry","category-actualite","category-tunisie"],"_links":{"self":[{"href":"https:\/\/linitiative.ca\/International\/wp-json\/wp\/v2\/posts\/75555","targetHints":{"allow":["GET"]}}],"collection":[{"href":"https:\/\/linitiative.ca\/International\/wp-json\/wp\/v2\/posts"}],"about":[{"href":"https:\/\/linitiative.ca\/International\/wp-json\/wp\/v2\/types\/post"}],"author":[{"embeddable":true,"href":"https:\/\/linitiative.ca\/International\/wp-json\/wp\/v2\/users\/1789"}],"replies":[{"embeddable":true,"href":"https:\/\/linitiative.ca\/International\/wp-json\/wp\/v2\/comments?post=75555"}],"version-history":[{"count":0,"href":"https:\/\/linitiative.ca\/International\/wp-json\/wp\/v2\/posts\/75555\/revisions"}],"wp:featuredmedia":[{"embeddable":true,"href":"https:\/\/linitiative.ca\/International\/wp-json\/"}],"wp:attachment":[{"href":"https:\/\/linitiative.ca\/International\/wp-json\/wp\/v2\/media?parent=75555"}],"wp:term":[{"taxonomy":"category","embeddable":true,"href":"https:\/\/linitiative.ca\/International\/wp-json\/wp\/v2\/categories?post=75555"},{"taxonomy":"post_tag","embeddable":true,"href":"https:\/\/linitiative.ca\/International\/wp-json\/wp\/v2\/tags?post=75555"}],"curies":[{"name":"wp","href":"https:\/\/api.w.org\/{rel}","templated":true}]}}