{"id":75559,"date":"2020-02-08T16:57:50","date_gmt":"2020-02-08T21:57:50","guid":{"rendered":"https:\/\/linitiative.ca\/International\/esperance-de-tunis-le-groupe-retenu-pour-affronter-lus-tataouine-2\/"},"modified":"2020-02-08T16:57:50","modified_gmt":"2020-02-08T21:57:50","slug":"esperance-de-tunis-le-groupe-retenu-pour-affronter-lus-tataouine-2","status":"publish","type":"post","link":"https:\/\/linitiative.ca\/International\/esperance-de-tunis-le-groupe-retenu-pour-affronter-lus-tataouine-2\/","title":{"rendered":"Esp\u00e9rance de Tunis : Le groupe retenu pour affronter l\u2019US Tataouine"},"content":{"rendered":"<div>\n<p>L\u2019Esp\u00e9rance Sportive de Tunis recevra, demain (16h00) \u00e0 Rad\u00e8s, l\u2019Union Sportive de Tataouine dans le cadre de la 14\u00e8me journ\u00e9e de la Ligue 1. Dans ce cadre, le staff technique de l\u2019Esp\u00e9rance Sportive de Tunis a communiqu\u00e9 la liste des joueurs convoqu\u00e9s en vue de la rencontre de championnat pr\u00e9vue dimanche face \u00e0 l\u2019US Tataouine. [\u2026]<\/p>\n<p>L\u2019article <a href=\"https:\/\/sport.tunisienumerique.com\/esperance-de-tunis-le-groupe-retenu-pour-affronter-lus-tataouine-2\/\">Esp\u00e9rance de Tunis : Le groupe retenu pour affronter l\u2019US Tataouine<\/a> est apparu en premier sur <a href=\"https:\/\/www.tunisienumerique.com\/\">Tunisie Num\u00e9rique<\/a>.<\/p>\n<\/div>\n<p>Auteur:<br \/>\n<a href=\"https:\/\/sport.tunisienumerique.com\">Cliquez ici pour lire l&rsquo;article depuis sa source.<\/a><\/p>\n","protected":false},"excerpt":{"rendered":"<p>L\u2019Esp\u00e9rance Sportive de Tunis recevra, demain (16h00) \u00e0 Rad\u00e8s, l\u2019Union Sportive de Tataouine dans le cadre de la 14\u00e8me journ\u00e9e de la Ligue 1. Dans ce cadre, le staff technique de l\u2019Esp\u00e9rance Sportive de Tunis a communiqu\u00e9 la liste des joueurs convoqu\u00e9s en vue de la rencontre de championnat pr\u00e9vue dimanche face \u00e0 l\u2019US Tataouine. [&hellip;]<\/p>\n","protected":false},"author":1789,"featured_media":0,"comment_status":"closed","ping_status":"closed","sticky":false,"template":"","format":"standard","meta":{"fifu_image_url":"","fifu_image_alt":"","footnotes":""},"categories":[73,55],"tags":[],"class_list":["post-75559","post","type-post","status-publish","format-standard","hentry","category-actualite","category-tunisie"],"_links":{"self":[{"href":"https:\/\/linitiative.ca\/International\/wp-json\/wp\/v2\/posts\/75559","targetHints":{"allow":["GET"]}}],"collection":[{"href":"https:\/\/linitiative.ca\/International\/wp-json\/wp\/v2\/posts"}],"about":[{"href":"https:\/\/linitiative.ca\/International\/wp-json\/wp\/v2\/types\/post"}],"author":[{"embeddable":true,"href":"https:\/\/linitiative.ca\/International\/wp-json\/wp\/v2\/users\/1789"}],"replies":[{"embeddable":true,"href":"https:\/\/linitiative.ca\/International\/wp-json\/wp\/v2\/comments?post=75559"}],"version-history":[{"count":0,"href":"https:\/\/linitiative.ca\/International\/wp-json\/wp\/v2\/posts\/75559\/revisions"}],"wp:attachment":[{"href":"https:\/\/linitiative.ca\/International\/wp-json\/wp\/v2\/media?parent=75559"}],"wp:term":[{"taxonomy":"category","embeddable":true,"href":"https:\/\/linitiative.ca\/International\/wp-json\/wp\/v2\/categories?post=75559"},{"taxonomy":"post_tag","embeddable":true,"href":"https:\/\/linitiative.ca\/International\/wp-json\/wp\/v2\/tags?post=75559"}],"curies":[{"name":"wp","href":"https:\/\/api.w.org\/{rel}","templated":true}]}}