{"id":75560,"date":"2020-02-08T15:50:04","date_gmt":"2020-02-08T20:50:04","guid":{"rendered":"https:\/\/linitiative.ca\/International\/dix-sept-personnes-abattues-par-un-soldat-en-thailande\/"},"modified":"2020-02-08T15:50:04","modified_gmt":"2020-02-08T20:50:04","slug":"dix-sept-personnes-abattues-par-un-soldat-en-thailande","status":"publish","type":"post","link":"https:\/\/linitiative.ca\/International\/dix-sept-personnes-abattues-par-un-soldat-en-thailande\/","title":{"rendered":"Dix-sept personnes abattues par un soldat en Tha\u00eflande"},"content":{"rendered":"<div readability=\"32\">\n<p>Publi\u00e9 le 08.02.2020 \u00e0 21h50 par AFP<\/p>\n<\/div>\n<div readability=\"102\">\n<p>Un soldat tha\u00eflandais a abattu au moins 17 personnes et en a bless\u00e9 14 autres durant une attaque toujours en cours dans la ville de Korat, dans le nord-est de la Tha\u00eflande, qu\u2019il a diffus\u00e9e sur Facebook.<\/p>\n<p>La tuerie a commenc\u00e9 \u00e0 Korat, ville \u00e9galement appel\u00e9e Nakhon Ratchasima, en fin d\u2019apr\u00e8s-midi sur une base militaire, a indiqu\u00e9 la police \u00e0 l\u2019AFP.<\/p>\n<p>Trois personnes y ont \u00e9t\u00e9 tu\u00e9es, dont au moins un soldat, lorsque l\u2019adjudant-chef Jakrapanth Thomma a ouvert le feu.<\/p>\n<p>\u00ab\u00a0Il a vol\u00e9 un v\u00e9hicule militaire et s\u2019est rendu dans le centre-ville\u00a0\u00bb, selon le lieutenant-colonel Mongkol Kuptasiri.<\/p>\n<p>Un m\u00e9dia local a pr\u00e9cis\u00e9 que le tueur s\u2019\u00e9tait empar\u00e9 d\u2019armes dans l\u2019arsenal de la base avant de commencer son attaque.<\/p>\n<p>Les autorit\u00e9s tha\u00eflandaises n\u2019ont pu confirmer des informations de m\u00e9dias locaux selon lesquelles le militaire aurait pris jusqu\u2019\u00e0 16 personnes en otage.<\/p>\n<p>Il y a \u00ab\u00a017 morts et 14 bless\u00e9s\u00a0\u00bb, a d\u00e9clar\u00e9 un membre non identifi\u00e9 de l\u2019Erawan Center \u00e0 Bangkok, un service collectant notamment les donn\u00e9es des services d\u2019urgence au niveau national.<\/p>\n<p>Des photos et vid\u00e9os sur les r\u00e9seaux sociaux montraient des sc\u00e8nes de panique, des personnes en train de fuir et ce qui ressemble \u00e0 des rafales d\u2019arme automatique.<\/p>\n<p>Le soldat a \u00e9galement post\u00e9 des vid\u00e9os et photos de lui et plusieurs messages sur sa page Facebook: \u00ab\u00a0Dois-je me rendre?\u00a0\u00bb, ou encore \u00ab\u00a0Personne ne peut \u00e9chapper \u00e0 la mort\u00a0\u00bb.<\/p>\n<p>Dans une vid\u00e9o, qui a \u00e9t\u00e9 supprim\u00e9e depuis, Jakrapanth Thomma, portant un casque de l\u2019arm\u00e9e, filmait depuis sa jeep en disant \u00ab\u00a0Je suis fatigu\u00e9 (\u2026) Je ne peux plus appuyer mon doigt\u00a0\u00bb, mimant la forme d\u2019une g\u00e2chette avec sa main.<\/p>\n<p>Des photos d\u2019un homme portant un masque de ski et brandissant un pistolet ont \u00e9galement \u00e9t\u00e9 post\u00e9es.<\/p>\n<p>\u00ab\u00a0Le tireur a utilis\u00e9 une mitraillette pour tirer sur d\u2019innocentes victimes dont beaucoup ont \u00e9t\u00e9 bless\u00e9es ou tu\u00e9es\u00a0\u00bb, a expliqu\u00e9 un porte-parole de la police, Krissana Pattanacharoen.<\/p>\n<p>Le minist\u00e8re de la D\u00e9fence a indiqu\u00e9 que les forces de s\u00e9curit\u00e9 avaient boucl\u00e9 le centre commercial Terminal 21, o\u00f9 un incendie est en cours, et que le tueur restait en fuite.<\/p>\n<p>La Tha\u00eflande est l\u2019un des pays les plus arm\u00e9s au monde.<\/p>\n<p>Plusieurs fusillades dans des tribunaux \u00e0 la fin de l\u2019ann\u00e9e derni\u00e8re avaient provoqu\u00e9 l\u2019inqui\u00e9tude \u00e0 propos du grand nombre d\u2019armes en circulation dans le pays d\u2019Asie du Sud-Est.<\/p>\n<p>Une autre affaire a eu un grand retentissement en Tha\u00eflande le mois dernier, lorsqu\u2019un braqueur masqu\u00e9 avait d\u00e9valis\u00e9 une bijouterie, tuant trois personnes dont un gar\u00e7on de deux ans.<\/p>\n<\/div>\n<p>Auteur: AFP<br \/>\n<a href=\"https:\/\/www.journalducameroun.com\/dix-sept-personnes-abattues-par-un-soldat-en-thailande\/\">Cliquez ici pour lire l&rsquo;article depuis sa source.<\/a><\/p>\n","protected":false},"excerpt":{"rendered":"<p>Publi\u00e9 le 08.02.2020 \u00e0 21h50 par AFP Un soldat tha\u00eflandais a abattu au moins 17 personnes et en a bless\u00e9 14 autres durant une attaque toujours en cours dans la ville de Korat, dans le nord-est de la Tha\u00eflande, qu\u2019il a diffus\u00e9e sur Facebook. La tuerie a commenc\u00e9 \u00e0 Korat, ville \u00e9galement appel\u00e9e Nakhon Ratchasima, [&hellip;]<\/p>\n","protected":false},"author":1965,"featured_media":0,"comment_status":"closed","ping_status":"closed","sticky":false,"template":"","format":"standard","meta":{"fifu_image_url":"","fifu_image_alt":"","footnotes":""},"categories":[73,82],"tags":[],"class_list":["post-75560","post","type-post","status-publish","format-standard","hentry","category-actualite","category-cameroun"],"_links":{"self":[{"href":"https:\/\/linitiative.ca\/International\/wp-json\/wp\/v2\/posts\/75560","targetHints":{"allow":["GET"]}}],"collection":[{"href":"https:\/\/linitiative.ca\/International\/wp-json\/wp\/v2\/posts"}],"about":[{"href":"https:\/\/linitiative.ca\/International\/wp-json\/wp\/v2\/types\/post"}],"author":[{"embeddable":true,"href":"https:\/\/linitiative.ca\/International\/wp-json\/wp\/v2\/users\/1965"}],"replies":[{"embeddable":true,"href":"https:\/\/linitiative.ca\/International\/wp-json\/wp\/v2\/comments?post=75560"}],"version-history":[{"count":0,"href":"https:\/\/linitiative.ca\/International\/wp-json\/wp\/v2\/posts\/75560\/revisions"}],"wp:attachment":[{"href":"https:\/\/linitiative.ca\/International\/wp-json\/wp\/v2\/media?parent=75560"}],"wp:term":[{"taxonomy":"category","embeddable":true,"href":"https:\/\/linitiative.ca\/International\/wp-json\/wp\/v2\/categories?post=75560"},{"taxonomy":"post_tag","embeddable":true,"href":"https:\/\/linitiative.ca\/International\/wp-json\/wp\/v2\/tags?post=75560"}],"curies":[{"name":"wp","href":"https:\/\/api.w.org\/{rel}","templated":true}]}}