{"id":75561,"date":"2020-02-08T15:50:06","date_gmt":"2020-02-08T20:50:06","guid":{"rendered":"https:\/\/linitiative.ca\/International\/pont-aerien-medical-au-yemen-des-malades-evacues-arrivent-a-amman\/"},"modified":"2020-02-08T15:50:06","modified_gmt":"2020-02-08T20:50:06","slug":"pont-aerien-medical-au-yemen-des-malades-evacues-arrivent-a-amman","status":"publish","type":"post","link":"https:\/\/linitiative.ca\/International\/pont-aerien-medical-au-yemen-des-malades-evacues-arrivent-a-amman\/","title":{"rendered":"Pont a\u00e9rien m\u00e9dical au Y\u00e9men: des malades \u00e9vacu\u00e9s arrivent \u00e0 Amman"},"content":{"rendered":"<div readability=\"32\">\n<p>Publi\u00e9 le 08.02.2020 \u00e0 21h50 par AFP<\/p>\n<\/div>\n<div readability=\"99\">\n<p>Vingt-quatre Y\u00e9m\u00e9nites malades, \u00e9vacu\u00e9s de la capitale Sanaa contr\u00f4l\u00e9e par les rebelles, sont arriv\u00e9s samedi \u00e0 Amman o\u00f9 ils doivent \u00eatre soign\u00e9s dans des h\u00f4pitaux jordaniens, selon un photographe de l\u2019AFP.<\/p>\n<p>L\u2019appareil a atterri \u00e0 l\u2019a\u00e9roport international de la reine Alia, \u00e0 30 kilom\u00e8tres au sud d\u2019Amman, samedi soir.<\/p>\n<p>Une porte-parole de l\u2019Organisation mondiale de la sant\u00e9 (OMS) a indiqu\u00e9 \u00e0 l\u2019AFP que l\u2019avion transportait des hommes, des femmes et des enfants ayant besoin de soins m\u00e9dicaux ainsi que leurs accompagnateurs.<\/p>\n<p>Il s\u2019agit de la deuxi\u00e8me op\u00e9ration du genre depuis 2016, selon l\u2019OMS. L\u2019avion devait quitter Sanaa vendredi mais le vol a \u00e9t\u00e9 report\u00e9 pour des raisons techniques.<\/p>\n<p>L\u2019OMS \u00ab\u00a0travaille tr\u00e8s dur pour que ces patients y\u00e9m\u00e9nites re\u00e7oivent les soins dont ils ont besoin\u00a0\u00bb, avait indiqu\u00e9 l\u2019organisation dans un communiqu\u00e9.<\/p>\n<p>Lundi, un premier avion avait \u00e9vacu\u00e9 sept enfants malades depuis Sanaa pour qu\u2019ils re\u00e7oivent un traitement m\u00e9dical en Jordanie.<\/p>\n<p>Lise Grande, coordinatrice humanitaire de l\u2019ONU au Y\u00e9men, avait alors d\u00e9clar\u00e9 que ce vol \u00e9tait le premier \u00ab\u00a0d\u2019un certain nombre de vols du pont a\u00e9rien m\u00e9dical\u00a0\u00bb.<\/p>\n<p>Les \u00e9vacuations ont pour objectif de contribuer \u00e0 la d\u00e9tente entre les bellig\u00e9rants, les rebelles Houthis soutenus par l\u2019Iran, et le gouvernement y\u00e9m\u00e9nite, appuy\u00e9 par la coalition militaire emmen\u00e9e par l\u2019Arabie saoudite.<\/p>\n<p>En novembre, la coalition -qui contr\u00f4le l\u2019espace a\u00e9rien y\u00e9m\u00e9nite- avait annonc\u00e9 que les patients ayant besoin de soins m\u00e9dicaux \u00e0 l\u2019\u00e9tranger seraient autoris\u00e9s \u00e0 quitter la capitale via l\u2019a\u00e9roport de Sanaa, ferm\u00e9 aux vols commerciaux depuis 2016.<\/p>\n<p>L\u2019ouverture d\u2019un pont a\u00e9rien est un rare \u00ab\u00a0signe d\u2019espoir\u00a0\u00bb, avait assur\u00e9 lundi Lise Grande.<\/p>\n<p>Cela pourrait \u00eatre le pr\u00e9lude \u00e0 la r\u00e9ouverture de l\u2019a\u00e9roport de Sanaa que les rebelles ne cessent de demander. La coalition l\u2019a jusqu\u2019ici refus\u00e9e, disant craindre un acheminement d\u2019armes aux insurg\u00e9s.<\/p>\n<p>Selon diverses organisations humanitaires, la guerre au Y\u00e9men a fait des dizaines de milliers de morts, essentiellement des civils.<\/p>\n<p>Environ 3,3 millions de personnes sont toujours d\u00e9plac\u00e9es et 24,1 millions, soit plus des deux tiers de la population, ont besoin d\u2019assistance, selon l\u2019ONU.<\/p>\n<\/div>\n<p>Auteur: AFP<br \/>\n<a href=\"https:\/\/www.journalducameroun.com\/pont-aerien-medical-au-yemen-des-malades-evacues-arrivent-a-amman\/\">Cliquez ici pour lire l&rsquo;article depuis sa source.<\/a><\/p>\n","protected":false},"excerpt":{"rendered":"<p>Publi\u00e9 le 08.02.2020 \u00e0 21h50 par AFP Vingt-quatre Y\u00e9m\u00e9nites malades, \u00e9vacu\u00e9s de la capitale Sanaa contr\u00f4l\u00e9e par les rebelles, sont arriv\u00e9s samedi \u00e0 Amman o\u00f9 ils doivent \u00eatre soign\u00e9s dans des h\u00f4pitaux jordaniens, selon un photographe de l\u2019AFP. L\u2019appareil a atterri \u00e0 l\u2019a\u00e9roport international de la reine Alia, \u00e0 30 kilom\u00e8tres au sud d\u2019Amman, samedi [&hellip;]<\/p>\n","protected":false},"author":1965,"featured_media":0,"comment_status":"closed","ping_status":"closed","sticky":false,"template":"","format":"standard","meta":{"fifu_image_url":"","fifu_image_alt":"","footnotes":""},"categories":[73,82],"tags":[],"class_list":["post-75561","post","type-post","status-publish","format-standard","hentry","category-actualite","category-cameroun"],"_links":{"self":[{"href":"https:\/\/linitiative.ca\/International\/wp-json\/wp\/v2\/posts\/75561","targetHints":{"allow":["GET"]}}],"collection":[{"href":"https:\/\/linitiative.ca\/International\/wp-json\/wp\/v2\/posts"}],"about":[{"href":"https:\/\/linitiative.ca\/International\/wp-json\/wp\/v2\/types\/post"}],"author":[{"embeddable":true,"href":"https:\/\/linitiative.ca\/International\/wp-json\/wp\/v2\/users\/1965"}],"replies":[{"embeddable":true,"href":"https:\/\/linitiative.ca\/International\/wp-json\/wp\/v2\/comments?post=75561"}],"version-history":[{"count":0,"href":"https:\/\/linitiative.ca\/International\/wp-json\/wp\/v2\/posts\/75561\/revisions"}],"wp:attachment":[{"href":"https:\/\/linitiative.ca\/International\/wp-json\/wp\/v2\/media?parent=75561"}],"wp:term":[{"taxonomy":"category","embeddable":true,"href":"https:\/\/linitiative.ca\/International\/wp-json\/wp\/v2\/categories?post=75561"},{"taxonomy":"post_tag","embeddable":true,"href":"https:\/\/linitiative.ca\/International\/wp-json\/wp\/v2\/tags?post=75561"}],"curies":[{"name":"wp","href":"https:\/\/api.w.org\/{rel}","templated":true}]}}