{"id":75562,"date":"2020-02-08T16:18:03","date_gmt":"2020-02-08T21:18:03","guid":{"rendered":"https:\/\/linitiative.ca\/International\/les-journees-africaines-de-lecologie-et-du-changement-climatique-prevues-a-yamoussoukro\/"},"modified":"2020-02-08T16:18:03","modified_gmt":"2020-02-08T21:18:03","slug":"les-journees-africaines-de-lecologie-et-du-changement-climatique-prevues-a-yamoussoukro","status":"publish","type":"post","link":"https:\/\/linitiative.ca\/International\/les-journees-africaines-de-lecologie-et-du-changement-climatique-prevues-a-yamoussoukro\/","title":{"rendered":"Les Journ\u00e9es africaines de l\u2019\u00e9cologie et du changement climatique pr\u00e9vues \u00e0 Yamoussoukro"},"content":{"rendered":"<div readability=\"32\">\n<p>Publi\u00e9 le 08.02.2020 \u00e0 22h18 par APA News<\/p>\n<\/div>\n<div readability=\"88\">\n<p>Le lancement officiel de la 3\u00e8 \u00e9dition des Journ\u00e9es africaines de l\u2019\u00e9cologie et du changement climatique (JFAC 2020) devant se d\u00e9rouler du 16 au 21 mars 2020 \u00e0 Yamoussoukro, est pr\u00e9vu le 10 f\u00e9vrier 2020, rapporte une note transmise mardi \u00e0 APA.\u00ab Le lancement officiel des Journ\u00e9es africaines de l\u2019\u00e9cologie et du changement climatique (JFAC 2020) se fera le 10 f\u00e9vrier 2020 dans un r\u00e9ceptif h\u00f4telier\u00bb, a annonc\u00e9 le ministre ivoirien de l\u2019Environnement et du d\u00e9veloppement durable, lors d\u2019une r\u00e9union \u00e0 son Cabinet, \u00e0 Abidjan le 3 f\u00e9vrier dernier.\u00a0<\/p>\n<p>Ces journ\u00e9es, plac\u00e9es sous le th\u00e8me \u00abTransition \u00e9cologique dans les territoires et employabilit\u00e9 des jeunes\u00bb, dira-t-il, visent \u00e0 \u00ab toucher le plus grand nombre de personnes et mettre toutes les populations ivoiriennes de l\u2019int\u00e9rieur au c\u0153ur des probl\u00e9matiques environnementales \u00bb.<\/p>\n<p>En vue d\u2019une r\u00e9ussite de l\u2019\u00e9v\u00e8nement, le ministre de l\u2019Environnement et du d\u00e9veloppement durable, a eu une s\u00e9ance de travail avec le Conseil r\u00e9gional du B\u00e9lier (centre), repr\u00e9sent\u00e9 par son 2\u00e8 vice-pr\u00e9sident, M. Raymond Konan et le directeur de Cabinet, M. Eug\u00e8ne N\u2019Guessan.\u00a0<\/p>\n<p>D\u00e9roulant les grandes activit\u00e9s de ces JFAC 2020, le pr\u00e9sident du Comit\u00e9 d\u2019organisation, M. Mo\u00efse Aboua Assi, chef de Cabinet du minist\u00e8re de l\u2019Environnement et du d\u00e9veloppement durable, a \u00e9voqu\u00e9 des actions de formations au profit des jeunes de la R\u00e9gion.<\/p>\n<p>M. Aboua a annonc\u00e9 une caravane de sensibilisation dans les communes et sous-pr\u00e9fectures du District autonome de Yamoussoukro, de m\u00eame qu\u2019une action de planting d\u2019arbres pour la journ\u00e9e internationale des for\u00eats et un concert ouvert au grand public.\u00a0<\/p>\n<p>Il est en outre pr\u00e9vu des prix et des distinctions en vue de r\u00e9compenser les innovations \u00e9cologiques. Un accent devrait \u00eatre mis sur l\u2019\u00e9co-tourisme de la r\u00e9gion. Le Vice-pr\u00e9sident du Comit\u00e9 d\u2019organisation, M. Louis Serge Tio, s\u2019est f\u00e9licit\u00e9 de la \u00ab marche prometteuse et s\u00fbre vers la r\u00e9ussite de cette 3\u00e8 \u00e9dition des JFAC \u00bb.<\/p>\n<p>La 3\u00e8 \u00e9dition des Journ\u00e9es africaines de l\u2019\u00e9cologie et du changement climatique est soutenue par le S\u00e9nat, le Conseil r\u00e9gional du B\u00e9lier, et des partenaires techniques et financiers qui ont d\u2019ailleurs marqu\u00e9 leur int\u00e9r\u00eat quant \u00e0 l\u2019organisation de ces journ\u00e9es dans la r\u00e9gion.<\/p>\n<p>Les JFAC se veulent une plateforme africaine de partage d\u2019exp\u00e9riences et de vulgarisation de bonnes pratiques \u00e9cologiques. Divers partenaires techniques et financiers sont \u00e0 pied d\u2019\u0153uvre pour offrir cet important \u00e9v\u00e9nement aux populations du B\u00e9lier, r\u00e9gion abritant le District de Yamoussoukro.<\/p>\n<\/div>\n<p>Auteur: APA News<br \/>\n<a href=\"https:\/\/www.journalducameroun.com\/les-journees-africaines-de-lecologie-et-du-changement-climatique-prevues-a-yamoussoukro\/\">Cliquez ici pour lire l&rsquo;article depuis sa source.<\/a><\/p>\n","protected":false},"excerpt":{"rendered":"<p>Publi\u00e9 le 08.02.2020 \u00e0 22h18 par APA News Le lancement officiel de la 3\u00e8 \u00e9dition des Journ\u00e9es africaines de l\u2019\u00e9cologie et du changement climatique (JFAC 2020) devant se d\u00e9rouler du 16 au 21 mars 2020 \u00e0 Yamoussoukro, est pr\u00e9vu le 10 f\u00e9vrier 2020, rapporte une note transmise mardi \u00e0 APA.\u00ab Le lancement officiel des Journ\u00e9es [&hellip;]<\/p>\n","protected":false},"author":1965,"featured_media":0,"comment_status":"closed","ping_status":"closed","sticky":false,"template":"","format":"standard","meta":{"fifu_image_url":"","fifu_image_alt":"","footnotes":""},"categories":[73,82],"tags":[],"class_list":["post-75562","post","type-post","status-publish","format-standard","hentry","category-actualite","category-cameroun"],"_links":{"self":[{"href":"https:\/\/linitiative.ca\/International\/wp-json\/wp\/v2\/posts\/75562","targetHints":{"allow":["GET"]}}],"collection":[{"href":"https:\/\/linitiative.ca\/International\/wp-json\/wp\/v2\/posts"}],"about":[{"href":"https:\/\/linitiative.ca\/International\/wp-json\/wp\/v2\/types\/post"}],"author":[{"embeddable":true,"href":"https:\/\/linitiative.ca\/International\/wp-json\/wp\/v2\/users\/1965"}],"replies":[{"embeddable":true,"href":"https:\/\/linitiative.ca\/International\/wp-json\/wp\/v2\/comments?post=75562"}],"version-history":[{"count":0,"href":"https:\/\/linitiative.ca\/International\/wp-json\/wp\/v2\/posts\/75562\/revisions"}],"wp:attachment":[{"href":"https:\/\/linitiative.ca\/International\/wp-json\/wp\/v2\/media?parent=75562"}],"wp:term":[{"taxonomy":"category","embeddable":true,"href":"https:\/\/linitiative.ca\/International\/wp-json\/wp\/v2\/categories?post=75562"},{"taxonomy":"post_tag","embeddable":true,"href":"https:\/\/linitiative.ca\/International\/wp-json\/wp\/v2\/tags?post=75562"}],"curies":[{"name":"wp","href":"https:\/\/api.w.org\/{rel}","templated":true}]}}