{"id":75563,"date":"2020-02-08T16:50:04","date_gmt":"2020-02-08T21:50:04","guid":{"rendered":"https:\/\/linitiative.ca\/International\/thailande-tirs-nourris-dans-le-centre-commercial-attaque-par-un-militaire\/"},"modified":"2020-02-08T16:50:04","modified_gmt":"2020-02-08T21:50:04","slug":"thailande-tirs-nourris-dans-le-centre-commercial-attaque-par-un-militaire","status":"publish","type":"post","link":"https:\/\/linitiative.ca\/International\/thailande-tirs-nourris-dans-le-centre-commercial-attaque-par-un-militaire\/","title":{"rendered":"Tha\u00eflande: tirs nourris dans le centre commercial attaqu\u00e9 par un militaire"},"content":{"rendered":"<div readability=\"32\">\n<p>Publi\u00e9 le 08.02.2020 \u00e0 22h50 par AFP<\/p>\n<\/div>\n<div readability=\"150\">\n<p>Des tirs nourris \u00e9taient entendus avant l\u2019aube dimanche dans un centre commercial d\u2019une ville du nord-est de la Tha\u00eflande o\u00f9 un militaire semble s\u2019\u00eatre r\u00e9fugi\u00e9, apr\u00e8s avoir tu\u00e9 au moins vingt personnes \u00e0 l\u2019arme automatique, lors d\u2019un p\u00e9riple meurtrier.<\/p>\n<p>Une \u00e9quipe de l\u2019AFP a entendu une fusillade aux abord du centre Terminal 21 de Nakhon Ratchasima, encercl\u00e9 par la police et l\u2019arm\u00e9e, dans lequel Jakraphanth Thomma, jeune adjudant-chef, a tir\u00e9 sur la foule plus t\u00f4t dans la soir\u00e9e.<\/p>\n<p>Dans la nuit, des dizaines de clients terrifi\u00e9s \u00e9taient \u00e9vacu\u00e9s de ce centre tr\u00e8s populaire, dont la police a d\u00e9clar\u00e9 avoir \u00ab\u00a0pris le contr\u00f4le\u00a0\u00bb du rez-de-chauss\u00e9e, sans toutefois pouvoir donner de pr\u00e9cision sur l\u2019endroit o\u00f9 pouvait se trouver l\u2019assaillant.<\/p>\n<p>Le bilan provisoire de la tuerie s\u2019\u00e9levait \u00e0 \u00ab\u00a0environ 20 morts\u00a0\u00bb, selon le porte-parole du minist\u00e8re de la D\u00e9fense, Kongcheep Tantravanich.<\/p>\n<p>Les policiers qui encerclaient le centre demandaient aux personnes quittant les lieux de sortir \u00ab\u00a0en levant les bras\u00a0\u00bb et de s\u2019identifier, pour emp\u00eacher le tireur de fuir en se fondant dans la foule. \u00ab\u00a0Les autorit\u00e9s vous \u00e9vacueront\u00a0\u00bb, assuraient les forces de l\u2019ordre.<\/p>\n<p>Un nombre inconnu de clients restaient dans les nombreux \u00e9tages du complexe tr\u00e8s populaire, o\u00f9 le tireur pourrait avoir trouv\u00e9 refuge.<\/p>\n<p>\u00ab\u00a0Il y a avait beaucoup de monde dans le centre commercial aujourd\u2019hui\u00a0\u00bb a d\u00e9clar\u00e9 \u00e0 l\u2019AFP un habitu\u00e9 \u00e2g\u00e9 de 32 ans, qui se trouvait sur les lieux avant l\u2019attaque. \u00ab\u00a0Quand j\u2019ai appris ce qui s\u2019\u00e9tait pass\u00e9, j\u2019\u00e9tais sous le choc, j\u2019avais quitt\u00e9 l\u2019endroit peu de temps avant\u00a0\u00bb.<\/p>\n<p>\u00ab\u00a0La police, les commandos de l\u2019arm\u00e9e et des tireurs d\u2019\u00e9lite encerclent\u00a0\u00bb le b\u00e2timent, a-t-il ajout\u00e9.<\/p>\n<p>Le ministre de la Sant\u00e9 a d\u00e9clar\u00e9 aux journalistes qu\u2019environ 10 bless\u00e9s en \u00ab\u00a0\u00e9tat grave\u00a0\u00bb avaient \u00e9t\u00e9 hospitalis\u00e9s.<\/p>\n<p>\u2013 Il a post\u00e9 des vid\u00e9os sur Facebook \u2013<\/p>\n<p>Dans la soir\u00e9e, des photos et vid\u00e9os sur les r\u00e9seaux sociaux montraient des sc\u00e8nes de panique, des personnes en train de fuir et ce qui ressemble \u00e0 des rafales d\u2019arme automatique.<\/p>\n<p>Le soldat a \u00e9galement post\u00e9 des vid\u00e9os et photos de lui et plusieurs messages sur sa page Facebook: \u00ab\u00a0Dois-je me rendre?\u00a0\u00bb, ou encore \u00ab\u00a0Personne ne peut \u00e9chapper \u00e0 la mort\u00a0\u00bb.<\/p>\n<p>Dans une vid\u00e9o, qui a \u00e9t\u00e9 supprim\u00e9e depuis, Jakrapanth Thomma, portant un casque de l\u2019arm\u00e9e, filmait depuis sa jeep en disant \u00ab\u00a0Je suis fatigu\u00e9 (\u2026) Je ne peux plus appuyer mon doigt\u00a0\u00bb, mimant la forme d\u2019une g\u00e2chette avec sa main.<\/p>\n<p>Des photos d\u2019un homme portant un masque de ski et brandissant un pistolet ont \u00e9galement \u00e9t\u00e9 post\u00e9es.<\/p>\n<p>Une porte-parole de facebook a d\u00e9clar\u00e9 \u00e0 l\u2019AFP que le r\u00e9seau social avait \u00ab\u00a0ferm\u00e9 le compte du tireur et allait travailler nuit et jour pour retirer tout contenu ill\u00e9gal en rapport avec cette attaque d\u00e8s que nous en aurons connaissance.\u00a0\u00bb<\/p>\n<p>La tuerie a commenc\u00e9 samedi en fin d\u2019apr\u00e8s-midi \u00e0 Nakhon Ratchasima, ville \u00e9galement appel\u00e9e Korat, sur une base militaire, a indiqu\u00e9 la police.<\/p>\n<p>Trois personnes y ont \u00e9t\u00e9 tu\u00e9es, dont au moins un soldat, lorsque l\u2019adjudant-chef Jakrapanth Thomma a ouvert le feu, d\u2019abord au domicile d\u2019un officier sup\u00e9rieur, puis dans la caserne.<\/p>\n<p>\u00ab\u00a0Il a vol\u00e9 un v\u00e9hicule militaire et s\u2019est rendu dans le centre-ville\u00a0\u00bb, selon le lieutenant-colonel Mongkol Kuptasiri.<\/p>\n<p>L\u00e0, il s\u2019est introduit dans le centre commercial et a ouvert le feu au hasard sur les clients avec des armes d\u00e9rob\u00e9es dans l\u2019arsenal de la base, provoquant un carnage.<\/p>\n<p>\u00ab\u00a0Le tireur arm\u00e9 d\u2019une mitrailleuse s\u2019en est pris \u00e0 des victimes innocentes\u00a0\u00bb a d\u00e9clar\u00e9 le porte-parole.<\/p>\n<p>Les h\u00f4pitaux, dans lesquels des volontaires ont commenc\u00e9 \u00e0 affluer pour donner leur sang, se pr\u00e9paraient \u00e0 accueillir d\u2019autres victimes, si n\u00e9cessaire.<\/p>\n<p>La Tha\u00eflande est l\u2019un des pays les plus arm\u00e9s au monde.<\/p>\n<p>Plusieurs fusillades dans des tribunaux \u00e0 la fin de l\u2019ann\u00e9e derni\u00e8re avaient provoqu\u00e9 l\u2019inqui\u00e9tude \u00e0 propos du grand nombre d\u2019armes en circulation dans le pays d\u2019Asie du Sud-Est.<\/p>\n<p>Une autre affaire a eu un grand retentissement en Tha\u00eflande le mois dernier, lorsqu\u2019un braqueur masqu\u00e9 avait d\u00e9valis\u00e9 une bijouterie, tuant trois personnes dont un gar\u00e7on de deux ans.<\/p>\n<\/div>\n<p>Auteur: AFP<br \/>\n<a href=\"https:\/\/www.journalducameroun.com\/thailande-tirs-nourris-dans-le-centre-commercial-attaque-par-un-militaire\/\">Cliquez ici pour lire l&rsquo;article depuis sa source.<\/a><\/p>\n","protected":false},"excerpt":{"rendered":"<p>Publi\u00e9 le 08.02.2020 \u00e0 22h50 par AFP Des tirs nourris \u00e9taient entendus avant l\u2019aube dimanche dans un centre commercial d\u2019une ville du nord-est de la Tha\u00eflande o\u00f9 un militaire semble s\u2019\u00eatre r\u00e9fugi\u00e9, apr\u00e8s avoir tu\u00e9 au moins vingt personnes \u00e0 l\u2019arme automatique, lors d\u2019un p\u00e9riple meurtrier. Une \u00e9quipe de l\u2019AFP a entendu une fusillade aux [&hellip;]<\/p>\n","protected":false},"author":1965,"featured_media":0,"comment_status":"closed","ping_status":"closed","sticky":false,"template":"","format":"standard","meta":{"fifu_image_url":"","fifu_image_alt":"","footnotes":""},"categories":[73,82],"tags":[],"class_list":["post-75563","post","type-post","status-publish","format-standard","hentry","category-actualite","category-cameroun"],"_links":{"self":[{"href":"https:\/\/linitiative.ca\/International\/wp-json\/wp\/v2\/posts\/75563","targetHints":{"allow":["GET"]}}],"collection":[{"href":"https:\/\/linitiative.ca\/International\/wp-json\/wp\/v2\/posts"}],"about":[{"href":"https:\/\/linitiative.ca\/International\/wp-json\/wp\/v2\/types\/post"}],"author":[{"embeddable":true,"href":"https:\/\/linitiative.ca\/International\/wp-json\/wp\/v2\/users\/1965"}],"replies":[{"embeddable":true,"href":"https:\/\/linitiative.ca\/International\/wp-json\/wp\/v2\/comments?post=75563"}],"version-history":[{"count":0,"href":"https:\/\/linitiative.ca\/International\/wp-json\/wp\/v2\/posts\/75563\/revisions"}],"wp:attachment":[{"href":"https:\/\/linitiative.ca\/International\/wp-json\/wp\/v2\/media?parent=75563"}],"wp:term":[{"taxonomy":"category","embeddable":true,"href":"https:\/\/linitiative.ca\/International\/wp-json\/wp\/v2\/categories?post=75563"},{"taxonomy":"post_tag","embeddable":true,"href":"https:\/\/linitiative.ca\/International\/wp-json\/wp\/v2\/tags?post=75563"}],"curies":[{"name":"wp","href":"https:\/\/api.w.org\/{rel}","templated":true}]}}