{"id":75564,"date":"2020-02-08T17:18:03","date_gmt":"2020-02-08T22:18:03","guid":{"rendered":"https:\/\/linitiative.ca\/International\/coronavirus-le-gouvernement-chinois-reste-entierement-mobilise-pour-combattre-la-maladie-ministre\/"},"modified":"2020-02-08T17:18:03","modified_gmt":"2020-02-08T22:18:03","slug":"coronavirus-le-gouvernement-chinois-reste-entierement-mobilise-pour-combattre-la-maladie-ministre","status":"publish","type":"post","link":"https:\/\/linitiative.ca\/International\/coronavirus-le-gouvernement-chinois-reste-entierement-mobilise-pour-combattre-la-maladie-ministre\/","title":{"rendered":"Coronavirus: \u00ab\u00a0Le gouvernement chinois reste enti\u00e8rement mobilis\u00e9 pour combattre la maladie\u00a0\u00bb (ministre)"},"content":{"rendered":"<div readability=\"32\">\n<p>Publi\u00e9 le 08.02.2020 \u00e0 23h18 par APA News<\/p>\n<\/div>\n<div readability=\"90\">\n<p>Le gouvernement de la R\u00e9publique populaire de Chine reste enti\u00e8rement mobilis\u00e9 pour combattre l\u2019\u00e9pid\u00e9mie de coronavirus, selon son Conseiller d\u2019Etat, ministre des Affaires \u00e9trang\u00e8res, Wang Yi.\u00a0\u00bbLe Ministre YI a (\u2026) assur\u00e9 que le gouvernement chinois reste enti\u00e8rement mobilis\u00e9 pour combattre la maladie, comme en t\u00e9moignent les moyens importants d\u00e9ploy\u00e9s, notamment la construction en toute urgence d\u2019h\u00f4pitaux dot\u00e9s des meilleurs \u00e9quipements et la mobilisation d\u2019un personnel hautement qualifi\u00e9\u00a0\u00bb, indique un communiqu\u00e9 du minist\u00e8re s\u00e9n\u00e9galais des Affaires \u00e9trang\u00e8res.<\/p>\n<p>Le texte rend compte d\u2019un entretien t\u00e9l\u00e9phonique, ce samedi, entre Amadou Ba, ministre des Affaires \u00e9trang\u00e8res de la R\u00e9publique du S\u00e9n\u00e9gal avec Wang Yi, Conseiller d\u2019Etat, ministre des Affaires \u00e9trang\u00e8res de la R\u00e9publique Populaire de Chine.<\/p>\n<p>Selon le communiqu\u00e9, le ministre Wang Yi a aussi donn\u00e9 des indications sur le faible taux de mortalit\u00e9 et de transmission de la maladie et s\u2019est dit confiant quant \u00e0 l\u2019\u00e9volution positive de la situation au vu des derni\u00e8res tendances enregistr\u00e9es.<\/p>\n<p>\u00ab\u00a0Dans l\u2019esprit des relations amicales empreintes d\u2019estime et de confiance mutuelle entre les deux pays, le Ministre Wang Yi tenait \u00e0 informer personnellement son homologue s\u00e9n\u00e9galais de l\u2019\u00e9volution de l\u2019\u00e9pid\u00e9mie du coronavirus et des mesures prises par le gouvernement chinois pour lutter contre la maladie et endiguer l\u2019\u00e9pid\u00e9mie. A ce sujet, le ministre Wang Yi a indiqu\u00e9 \u00e0 son homologue que les mesures ainsi prises, conform\u00e9ment aux normes et standards internationaux recommand\u00e9s par l\u2019Organisation Mondiale de la Sant\u00e9, sont rigoureusement appliqu\u00e9es par le gouvernement chinois, avec la meilleure expertise et les moyens les plus ad\u00e9quats. Ces mesures, incluant la pr\u00e9vention, les soins et le suivi sanitaire, b\u00e9n\u00e9ficient \u00e0 toutes les personnes concern\u00e9es, sans discrimination selon qu\u2019elles soient chinoises ou \u00e9trang\u00e8res, y compris nos 13 compatriotes r\u00e9sidant dans la ville de Wuhan, \u00e9picentre de l\u2019\u00e9pid\u00e9mie\u00a0\u00bb, poursuit le communiqu\u00e9.<\/p>\n<p>En retour, note notre source, le ministre Amadou Ba, apr\u00e8s s\u2019\u00eatre enquis des nouvelles de nos 13 compatriotes r\u00e9sidant \u00e0 Wuhan, a vivement remerci\u00e9 son homologue pour son appel et son expos\u00e9 clair et exhaustif, et lui a r\u00e9it\u00e9r\u00e9 la solidarit\u00e9 du peuple et du gouvernement s\u00e9n\u00e9galais \u00e0 l\u2019endroit du peuple et du gouvernement chinois. Il a \u00e9galement pris bonne note, avec satisfaction, des explications fournies par son homologue et lui a renouvel\u00e9 l\u2019enti\u00e8re confiance du S\u00e9n\u00e9gal quant \u00e0 la capacit\u00e9 du gouvernement chinois de venir \u00e0 bout de l\u2019\u00e9pid\u00e9mie du coronavirus.\u00a0<\/p>\n<p>Les deux ministres ont, enfin, \u00e9voqu\u00e9 des questions d\u2019int\u00e9r\u00eat commun touchant \u00e0 la coop\u00e9ration bilat\u00e9rale entre les deux pays et au processus pr\u00e9paratoire de la prochaine Conf\u00e9rence du Forum de coop\u00e9ration sino africain pr\u00e9vu en 2021 \u00e0 Dakar.<\/p>\n<\/div>\n<p>Auteur: APA News<br \/>\n<a href=\"https:\/\/www.journalducameroun.com\/coronavirus-le-gouvernement-chinois-reste-entierement-mobilise-pour-combattre-la-maladie-ministre\/\">Cliquez ici pour lire l&rsquo;article depuis sa source.<\/a><\/p>\n","protected":false},"excerpt":{"rendered":"<p>Publi\u00e9 le 08.02.2020 \u00e0 23h18 par APA News Le gouvernement de la R\u00e9publique populaire de Chine reste enti\u00e8rement mobilis\u00e9 pour combattre l\u2019\u00e9pid\u00e9mie de coronavirus, selon son Conseiller d\u2019Etat, ministre des Affaires \u00e9trang\u00e8res, Wang Yi.\u00a0\u00bbLe Ministre YI a (\u2026) assur\u00e9 que le gouvernement chinois reste enti\u00e8rement mobilis\u00e9 pour combattre la maladie, comme en t\u00e9moignent les moyens [&hellip;]<\/p>\n","protected":false},"author":1965,"featured_media":0,"comment_status":"closed","ping_status":"closed","sticky":false,"template":"","format":"standard","meta":{"fifu_image_url":"","fifu_image_alt":"","footnotes":""},"categories":[73,82],"tags":[],"class_list":["post-75564","post","type-post","status-publish","format-standard","hentry","category-actualite","category-cameroun"],"_links":{"self":[{"href":"https:\/\/linitiative.ca\/International\/wp-json\/wp\/v2\/posts\/75564","targetHints":{"allow":["GET"]}}],"collection":[{"href":"https:\/\/linitiative.ca\/International\/wp-json\/wp\/v2\/posts"}],"about":[{"href":"https:\/\/linitiative.ca\/International\/wp-json\/wp\/v2\/types\/post"}],"author":[{"embeddable":true,"href":"https:\/\/linitiative.ca\/International\/wp-json\/wp\/v2\/users\/1965"}],"replies":[{"embeddable":true,"href":"https:\/\/linitiative.ca\/International\/wp-json\/wp\/v2\/comments?post=75564"}],"version-history":[{"count":0,"href":"https:\/\/linitiative.ca\/International\/wp-json\/wp\/v2\/posts\/75564\/revisions"}],"wp:attachment":[{"href":"https:\/\/linitiative.ca\/International\/wp-json\/wp\/v2\/media?parent=75564"}],"wp:term":[{"taxonomy":"category","embeddable":true,"href":"https:\/\/linitiative.ca\/International\/wp-json\/wp\/v2\/categories?post=75564"},{"taxonomy":"post_tag","embeddable":true,"href":"https:\/\/linitiative.ca\/International\/wp-json\/wp\/v2\/tags?post=75564"}],"curies":[{"name":"wp","href":"https:\/\/api.w.org\/{rel}","templated":true}]}}