{"id":75565,"date":"2020-02-08T15:21:26","date_gmt":"2020-02-08T20:21:26","guid":{"rendered":"https:\/\/linitiative.ca\/International\/jean-de-dieu-momo-et-jean-nkuete-setripent-dans-la-menoua\/"},"modified":"2020-02-08T15:21:26","modified_gmt":"2020-02-08T20:21:26","slug":"jean-de-dieu-momo-et-jean-nkuete-setripent-dans-la-menoua","status":"publish","type":"post","link":"https:\/\/linitiative.ca\/International\/jean-de-dieu-momo-et-jean-nkuete-setripent-dans-la-menoua\/","title":{"rendered":"Jean de Dieu Momo et Jean Nkuete s\u2019\u00e9tripent dans la Menoua"},"content":{"rendered":"<div class=\"featured-area featured-area-inner\" readability=\"7\"><img loading=\"lazy\" decoding=\"async\" width=\"300\" height=\"300\" src=\"https:\/\/i1.wp.com\/ecomatin.net\/wp-content\/uploads\/2020\/02\/Momo-Nkuete.jpg?resize=300%2C300&#038;ssl=1&#038;is-pending-load=1\" class=\"attachment-jannah-image-post size-jannah-image-post wp-post-image jetpack-lazy-image\" alt=\"\" data-lazy-srcset=\"https:\/\/i1.wp.com\/ecomatin.net\/wp-content\/uploads\/2020\/02\/Momo-Nkuete.jpg?w=300&#038;ssl=1 300w, https:\/\/i1.wp.com\/ecomatin.net\/wp-content\/uploads\/2020\/02\/Momo-Nkuete.jpg?resize=150%2C150&#038;ssl=1 150w\" data-lazy-sizes=\"(max-width: 300px) 100vw, 300px\" srcset=\"data:image\/gif;base64,R0lGODlhAQABAIAAAAAAAP\/\/\/yH5BAEAAAAALAAAAAABAAEAAAIBRAA7\"\/> Jean Nkuete (\u00e0 gauche) et Jean de Dieu Momo<\/div>\n<div class=\"entry-content entry clearfix\" readability=\"45.3065326633\">\n<p>Le Parti des d\u00e9mocrates pour le d\u00e9veloppement du Cameroun (<strong>PADDEC<\/strong>) est \u00e0 n\u2019en point douter le principal adversaire du <strong>RDPC<\/strong>\u00a0.Pour le secr\u00e9taire g\u00e9n\u00e9ral du <strong>RDPC<\/strong>, il faut absolument que les populations de la <strong>Menoua<\/strong> fassent obstruction \u00e0 la formation politique de l\u2019actuel ministre d\u00e9l\u00e9gu\u00e9 aupr\u00e8s du ministre de la justice garde des sceaux. Pour cause, celle-ci serait une \u00e9pine dans le pied du parti du flambeau. C\u2019est substantiellement ce qui ressort du discours de <strong>Jean<\/strong> <strong>Nkuete<\/strong> au cours du meeting du <strong>RDPC<\/strong> dans ce d\u00e9partement.<\/p>\n<p><strong>Le pr\u00e9sident du PADDEC r\u00e9plique<\/strong><\/p>\n<p>R\u00e9pondant \u00e0 ce dernier, <strong>Jean de Dieu Momo<\/strong> a effectu\u00e9 une sortie \u00e9pistolaire sur les r\u00e9seaux sociaux. Dans ses propos, l\u2019avocat rappelle aux cadres du <strong>RDPC<\/strong> dans la <strong>Menoua<\/strong> que le pr\u00e9sident de la R\u00e9publique lui a conf\u00e9r\u00e9 une l\u00e9gitim\u00e9 certaine en le nommant ministre. Ce serait donc aller \u00e0 l\u2019encontre de <strong>Paul Biya<\/strong> que de battre campagne contre lui.<\/p>\n<div class=\"sharedaddy sd-sharing-enabled robots-nocontent sd-block sd-social sd-social-icon-text sd-sharing\">\n<h3 class=\"sd-title\">Partager\u00a0:<\/h3>\n<\/div>\n<p><h3 class=\"jp-relatedposts-headline\"><em>Articles similaires<\/em><\/h3>\n<\/p>\n<\/div>\n<div class=\"toggle-post-content clearfix\"><a id=\"toggle-post-button\" class=\"button\" href=\"#\">Afficher plus <\/a><\/div>\n<p>Auteur: Serges Bontsebe<br \/>\n<a href=\"https:\/\/ecomatin.net\/jean-de-dieu-momo-et-jean-nkuete-setripent-dans-la-menoua\/\">Cliquez ici pour lire l&rsquo;article depuis sa source.<\/a><\/p>\n","protected":false},"excerpt":{"rendered":"<p>Jean Nkuete (\u00e0 gauche) et Jean de Dieu Momo Le Parti des d\u00e9mocrates pour le d\u00e9veloppement du Cameroun (PADDEC) est \u00e0 n\u2019en point douter le principal adversaire du RDPC\u00a0.Pour le secr\u00e9taire g\u00e9n\u00e9ral du RDPC, il faut absolument que les populations de la Menoua fassent obstruction \u00e0 la formation politique de l\u2019actuel ministre d\u00e9l\u00e9gu\u00e9 aupr\u00e8s du [&hellip;]<\/p>\n","protected":false},"author":1969,"featured_media":0,"comment_status":"closed","ping_status":"closed","sticky":false,"template":"","format":"standard","meta":{"fifu_image_url":"","fifu_image_alt":"","footnotes":""},"categories":[82,78],"tags":[],"class_list":["post-75565","post","type-post","status-publish","format-standard","hentry","category-cameroun","category-economie"],"_links":{"self":[{"href":"https:\/\/linitiative.ca\/International\/wp-json\/wp\/v2\/posts\/75565","targetHints":{"allow":["GET"]}}],"collection":[{"href":"https:\/\/linitiative.ca\/International\/wp-json\/wp\/v2\/posts"}],"about":[{"href":"https:\/\/linitiative.ca\/International\/wp-json\/wp\/v2\/types\/post"}],"author":[{"embeddable":true,"href":"https:\/\/linitiative.ca\/International\/wp-json\/wp\/v2\/users\/1969"}],"replies":[{"embeddable":true,"href":"https:\/\/linitiative.ca\/International\/wp-json\/wp\/v2\/comments?post=75565"}],"version-history":[{"count":0,"href":"https:\/\/linitiative.ca\/International\/wp-json\/wp\/v2\/posts\/75565\/revisions"}],"wp:attachment":[{"href":"https:\/\/linitiative.ca\/International\/wp-json\/wp\/v2\/media?parent=75565"}],"wp:term":[{"taxonomy":"category","embeddable":true,"href":"https:\/\/linitiative.ca\/International\/wp-json\/wp\/v2\/categories?post=75565"},{"taxonomy":"post_tag","embeddable":true,"href":"https:\/\/linitiative.ca\/International\/wp-json\/wp\/v2\/tags?post=75565"}],"curies":[{"name":"wp","href":"https:\/\/api.w.org\/{rel}","templated":true}]}}