{"id":75566,"date":"2020-02-08T15:44:34","date_gmt":"2020-02-08T20:44:34","guid":{"rendered":"https:\/\/linitiative.ca\/International\/joshua-osih-le-sdf-ne-sest-jamais-allie-au-rdpc\/"},"modified":"2020-02-08T15:44:34","modified_gmt":"2020-02-08T20:44:34","slug":"joshua-osih-le-sdf-ne-sest-jamais-allie-au-rdpc","status":"publish","type":"post","link":"https:\/\/linitiative.ca\/International\/joshua-osih-le-sdf-ne-sest-jamais-allie-au-rdpc\/","title":{"rendered":"Joshua Osih\u00a0: \u00abLe SDF ne s\u2019est jamais alli\u00e9 au RDPC\u00a0!\u00bb"},"content":{"rendered":"<div class=\"featured-area featured-area-inner\" readability=\"8\"><img loading=\"lazy\" decoding=\"async\" width=\"780\" height=\"405\" src=\"https:\/\/i1.wp.com\/ecomatin.net\/wp-content\/uploads\/2020\/02\/Joshua-osih.jpg?resize=780%2C405&#038;ssl=1&#038;is-pending-load=1\" class=\"attachment-jannah-image-post size-jannah-image-post wp-post-image jetpack-lazy-image\" alt=\"\" srcset=\"data:image\/gif;base64,R0lGODlhAQABAIAAAAAAAP\/\/\/yH5BAEAAAAALAAAAAABAAEAAAIBRAA7\"\/> Le vice-Pr\u00e9sident du SDF, Joshua Osih<\/div>\n<div class=\"entry-content entry clearfix\" readability=\"50.4742268041\">\n<p>Un document \u00a0circule depuis vendredi 07 f\u00e9vrier 2020\u00a0 sur les r\u00e9seaux sociaux. Il indique une alliance dans le Nord entre le RDPC et le SDF en vue du double scrutin de ce dimanche.\u00a0<em>\u00ab \u00c0 l\u2019issue de la r\u00e9union\u00a0 du bureau r\u00e9gional SDF Nord tenue \u00e0 Garoua(\u2026), le bureau a d\u00e9cid\u00e9 de soutenir les candidats du RDPC au scrutin du 09 f\u00e9vrier 2020 dans la r\u00e9gion du Nord \u00bb<\/em>. Peut-on lire dans un communiqu\u00e9 de presse sign\u00e9 du pr\u00e9sident r\u00e9gional su SDF pour le Nord <strong>Ahamadou Yaouba<\/strong>.<\/p>\n<p><strong>D\u00e9menti<\/strong><\/p>\n<p>Dans un autre communiqu\u00e9, Joshua Osih d\u00e9ment cette information. Le vice-pr\u00e9sident du SDF soutient qu\u2019aucune d\u00e9cision de cette nature n\u2019a \u00e9t\u00e9 prise.\u00a0<em>\u00ab\u00a0Le SDF tient \u00e0 d\u00e9mentir formellement ces all\u00e9gations mensong\u00e8res qui n\u2019engagent que le signataire en mission command\u00e9e\u00bb. E<\/em>crit-il.<\/p>\n<p>Pour le parti de la balance, ce communiqu\u00e9 de presse est une position unipersonnelle de son signataire. Celui-ci, de par les dispositions statutaires du parti, n\u2019a ni qualit\u00e9. Ni droit pour engager le parti dans un soutien de surcro\u00eet sordide et stupide. \u00ab\u00a0<em>Des proc\u00e9dures disciplinaires seront de toute \u00e9vidence engag\u00e9es contre le signataire de ce communiqu\u00e9. Conform\u00e9ment aux statuts du parti<\/em>\u00a0\u00bb, promet\u00a0Joshua Osih. \u00a0Relevant que le fait que ce communiqu\u00e9 soit rendu public dix jours plus tard trahit l\u2019extr\u00eame f\u00e9brilit\u00e9 qui a envahi le suppos\u00e9 b\u00e9n\u00e9ficiaire de la man\u0153uvre.<\/p>\n<div class=\"sharedaddy sd-sharing-enabled robots-nocontent sd-block sd-social sd-social-icon-text sd-sharing\">\n<h3 class=\"sd-title\">Partager\u00a0:<\/h3>\n<\/div>\n<p><h3 class=\"jp-relatedposts-headline\"><em>Articles similaires<\/em><\/h3>\n<\/p>\n<\/div>\n<div class=\"toggle-post-content clearfix\"><a id=\"toggle-post-button\" class=\"button\" href=\"#\">Afficher plus <\/a><\/div>\n<p>Auteur: Serges Bontsebe<br \/>\n<a href=\"https:\/\/ecomatin.net\/joshua-osih-le-sdf-ne-sest-jamais-allie-au-rdpc\/\">Cliquez ici pour lire l&rsquo;article depuis sa source.<\/a><\/p>\n","protected":false},"excerpt":{"rendered":"<p>Le vice-Pr\u00e9sident du SDF, Joshua Osih Un document \u00a0circule depuis vendredi 07 f\u00e9vrier 2020\u00a0 sur les r\u00e9seaux sociaux. Il indique une alliance dans le Nord entre le RDPC et le SDF en vue du double scrutin de ce dimanche.\u00a0\u00ab \u00c0 l\u2019issue de la r\u00e9union\u00a0 du bureau r\u00e9gional SDF Nord tenue \u00e0 Garoua(\u2026), le bureau a [&hellip;]<\/p>\n","protected":false},"author":1969,"featured_media":0,"comment_status":"closed","ping_status":"closed","sticky":false,"template":"","format":"standard","meta":{"fifu_image_url":"","fifu_image_alt":"","footnotes":""},"categories":[82,78],"tags":[],"class_list":["post-75566","post","type-post","status-publish","format-standard","hentry","category-cameroun","category-economie"],"_links":{"self":[{"href":"https:\/\/linitiative.ca\/International\/wp-json\/wp\/v2\/posts\/75566","targetHints":{"allow":["GET"]}}],"collection":[{"href":"https:\/\/linitiative.ca\/International\/wp-json\/wp\/v2\/posts"}],"about":[{"href":"https:\/\/linitiative.ca\/International\/wp-json\/wp\/v2\/types\/post"}],"author":[{"embeddable":true,"href":"https:\/\/linitiative.ca\/International\/wp-json\/wp\/v2\/users\/1969"}],"replies":[{"embeddable":true,"href":"https:\/\/linitiative.ca\/International\/wp-json\/wp\/v2\/comments?post=75566"}],"version-history":[{"count":0,"href":"https:\/\/linitiative.ca\/International\/wp-json\/wp\/v2\/posts\/75566\/revisions"}],"wp:attachment":[{"href":"https:\/\/linitiative.ca\/International\/wp-json\/wp\/v2\/media?parent=75566"}],"wp:term":[{"taxonomy":"category","embeddable":true,"href":"https:\/\/linitiative.ca\/International\/wp-json\/wp\/v2\/categories?post=75566"},{"taxonomy":"post_tag","embeddable":true,"href":"https:\/\/linitiative.ca\/International\/wp-json\/wp\/v2\/tags?post=75566"}],"curies":[{"name":"wp","href":"https:\/\/api.w.org\/{rel}","templated":true}]}}