{"id":75568,"date":"2020-02-08T17:00:39","date_gmt":"2020-02-08T22:00:39","guid":{"rendered":"https:\/\/linitiative.ca\/International\/rdpc-a-yaounde-5-fin-de-campagne-motorisee\/"},"modified":"2020-02-08T17:00:39","modified_gmt":"2020-02-08T22:00:39","slug":"rdpc-a-yaounde-5-fin-de-campagne-motorisee","status":"publish","type":"post","link":"https:\/\/linitiative.ca\/International\/rdpc-a-yaounde-5-fin-de-campagne-motorisee\/","title":{"rendered":"Rdpc \u00e0 Yaound\u00e9 5\u00a0: fin de campagne motoris\u00e9e"},"content":{"rendered":"<div class=\"featured-area featured-area-inner\" readability=\"7\"><img loading=\"lazy\" decoding=\"async\" width=\"700\" height=\"405\" src=\"https:\/\/i2.wp.com\/ecomatin.net\/wp-content\/uploads\/2020\/02\/militants-RDPC.jpg?resize=700%2C405&#038;ssl=1&#038;is-pending-load=1\" class=\"attachment-jannah-image-post size-jannah-image-post wp-post-image jetpack-lazy-image\" alt=\"\" srcset=\"data:image\/gif;base64,R0lGODlhAQABAIAAAAAAAP\/\/\/yH5BAEAAAAALAAAAAABAAEAAAIBRAA7\"\/> Des militants du parti au pouvoir bien d\u00e9cid\u00e9s \u00e0 faire \u00e9lire leurs candidats<\/div>\n<div class=\"entry-content entry clearfix\" readability=\"51.375\">\n<p>Le dernier jour de la campagne \u00e9lectorale au sein du Rassemblement D\u00e9mocratique du Peuple Camerounais (<strong>Rdpc<\/strong>), dans l\u2019arrondissement de Yaound\u00e9 5<sup>e<\/sup>, a \u00e9t\u00e9 marqu\u00e9 par une s\u00e9rie d\u2019activit\u00e9s en vue de la pr\u00e9paration du scrutin du 9 f\u00e9vrier.<\/p>\n<p>Un des points importants aura \u00e9t\u00e9 la formation des repr\u00e9sentants et des scrutateurs de cette formation politique. \u00ab\u00a0Il s\u2019agissait d\u2019outiller les repr\u00e9sentants du parti sur le Code \u00e9lectoral et surtout sur les attitudes \u00e0 adopter le jour du vote\u00bb, a pr\u00e9cis\u00e9 <strong>Olivier Guy Many Essomba<\/strong>, charg\u00e9 de mission aupr\u00e8s de la commission communale du parti pour Yaound\u00e9 5<sup>e<\/sup>.<\/p>\n<p>Comme autre activit\u00e9 phare, une caravane motoris\u00e9e a \u00e9t\u00e9 organis\u00e9e pour parcourir les art\u00e8res de l\u2019arrondissement afin de sensibiliser et inviter les populations de cette commune \u00e0 aller massivement dans les bureaux de vote faire leur choix. Evidemment, la caravane du Rdpc leur a demand\u00e9 de faire confiance et de pl\u00e9bisciter la liste conduite par <strong>Augustin Bala<\/strong>. Pour les Municipales, le Rdpc est seul en lice dans cette circonscription \u00e9lectorale. Toutes ces activit\u00e9s ont \u00e9t\u00e9 conduites par le Pr\u00e9sident de la commission communale, Alexandre Marie Yomo.<\/p>\n<div class=\"sharedaddy sd-sharing-enabled robots-nocontent sd-block sd-social sd-social-icon-text sd-sharing\">\n<h3 class=\"sd-title\">Partager\u00a0:<\/h3>\n<\/div>\n<p><h3 class=\"jp-relatedposts-headline\"><em>Articles similaires<\/em><\/h3>\n<\/p>\n<\/div>\n<div class=\"toggle-post-content clearfix\"><a id=\"toggle-post-button\" class=\"button\" href=\"#\">Afficher plus <\/a><\/div>\n<p>Auteur: Serges Bontsebe<br \/>\n<a href=\"https:\/\/ecomatin.net\/rdpc-a-yaounde-5-fin-de-campagne-motorisee\/\">Cliquez ici pour lire l&rsquo;article depuis sa source.<\/a><\/p>\n","protected":false},"excerpt":{"rendered":"<p>Des militants du parti au pouvoir bien d\u00e9cid\u00e9s \u00e0 faire \u00e9lire leurs candidats Le dernier jour de la campagne \u00e9lectorale au sein du Rassemblement D\u00e9mocratique du Peuple Camerounais (Rdpc), dans l\u2019arrondissement de Yaound\u00e9 5e, a \u00e9t\u00e9 marqu\u00e9 par une s\u00e9rie d\u2019activit\u00e9s en vue de la pr\u00e9paration du scrutin du 9 f\u00e9vrier. Un des points importants [&hellip;]<\/p>\n","protected":false},"author":1969,"featured_media":0,"comment_status":"closed","ping_status":"closed","sticky":false,"template":"","format":"standard","meta":{"fifu_image_url":"","fifu_image_alt":"","footnotes":""},"categories":[82,78],"tags":[],"class_list":["post-75568","post","type-post","status-publish","format-standard","hentry","category-cameroun","category-economie"],"_links":{"self":[{"href":"https:\/\/linitiative.ca\/International\/wp-json\/wp\/v2\/posts\/75568","targetHints":{"allow":["GET"]}}],"collection":[{"href":"https:\/\/linitiative.ca\/International\/wp-json\/wp\/v2\/posts"}],"about":[{"href":"https:\/\/linitiative.ca\/International\/wp-json\/wp\/v2\/types\/post"}],"author":[{"embeddable":true,"href":"https:\/\/linitiative.ca\/International\/wp-json\/wp\/v2\/users\/1969"}],"replies":[{"embeddable":true,"href":"https:\/\/linitiative.ca\/International\/wp-json\/wp\/v2\/comments?post=75568"}],"version-history":[{"count":0,"href":"https:\/\/linitiative.ca\/International\/wp-json\/wp\/v2\/posts\/75568\/revisions"}],"wp:attachment":[{"href":"https:\/\/linitiative.ca\/International\/wp-json\/wp\/v2\/media?parent=75568"}],"wp:term":[{"taxonomy":"category","embeddable":true,"href":"https:\/\/linitiative.ca\/International\/wp-json\/wp\/v2\/categories?post=75568"},{"taxonomy":"post_tag","embeddable":true,"href":"https:\/\/linitiative.ca\/International\/wp-json\/wp\/v2\/tags?post=75568"}],"curies":[{"name":"wp","href":"https:\/\/api.w.org\/{rel}","templated":true}]}}