{"id":75571,"date":"2020-02-09T06:18:53","date_gmt":"2020-02-09T11:18:53","guid":{"rendered":"https:\/\/linitiative.ca\/International\/%ef%bb%bfune-competition-sportive-qui-prone-le-depassement-de-soi\/"},"modified":"2020-02-09T06:18:53","modified_gmt":"2020-02-09T11:18:53","slug":"%ef%bb%bfune-competition-sportive-qui-prone-le-depassement-de-soi","status":"publish","type":"post","link":"https:\/\/linitiative.ca\/International\/%ef%bb%bfune-competition-sportive-qui-prone-le-depassement-de-soi\/","title":{"rendered":"\ufeffUne comp\u00e9tition sportive qui pr\u00f4ne le d\u00e9passement de soi"},"content":{"rendered":"<p class=\"has-text-color has-vivid-red-color c2\"><strong>\u201cSahraouiya, women challenge for solidarity\u201d \u00e0 Dakhla<\/strong><\/p>\n<p class=\"has-text-color c3\"><strong>Dans le cadre de la 6<sup>e<\/sup> \u00e9dition \u00abSahraouiya women challenge for solidarity\u00bb, qui aura lieu \u00a0du 8 au 15 f\u00e9vrier, une conf\u00e9rence de presse a \u00e9t\u00e9 organis\u00e9e mercredi \u00e0 Casablanca dans le but de pr\u00e9senter l\u2019\u00e9dition et \u00e9taler la vision de celle-ci sur le court, moyen et long terme.<\/strong><\/p>\n<p>En effet, cette 6<sup>e<\/sup> \u00e9dition \u00abSahraouiya women challenge for solidarity\u00bb a fait l\u2019objet d\u2019une pr\u00e9sentation explicite de la par des organisateurs et organisatrices. Laila Ouachi, pr\u00e9sidente de l\u2019association Lagon Dakhla,\u00a0 s\u2019est exprim\u00e9e \u00e0 cet effet sur l\u2019initiative et \u00e9tale sa vision.\u00a0\u00abOn est \u00e0 la 6<sup>e<\/sup> \u00e9dition et je pense qu\u2019aujourd\u2019hui, Sahraouiya est un mot connu de tous. Ce \u00abwomen challenge for solidarity\u00bb est une comp\u00e9tition sportive qui cherche le d\u00e9passement de soi. Qui cherche \u00e0 se lancer des d\u00e9fis. Mais au-del\u00e0 des comp\u00e9titions, c\u2019est surtout avant tout, un \u00e9v\u00e8nement solidaire\u00bb, a-t-elle expliqu\u00e9.<\/p>\n<p>Dans le m\u00eame ordre d\u2019id\u00e9es, elle a fait savoir\u00a0 ce qui importe le plus \u00e0 travers cette comp\u00e9tition. Pour cette derni\u00e8re, la mise en place d\u2019une plate forme de solidarit\u00e9 permettant de venir en aide \u00e0 nombre d\u2019associations constitue un \u00e9l\u00e9ment fondamental. Le nombre croissant d\u2019associations de nos jours est un atout non n\u00e9gligeable. D\u2019ailleurs \u00e0 ce titre, une cinquantaine d\u2019entre elles prennent part \u00e0 l\u2019\u00e9dition. L\u2019Afrique et l\u2019Europe sont r\u00e9unies en ce sens. \u00abNous avons\u00a0 des congolaises, des camerounaise\u00bb, a-t-elle affirm\u00e9. A cela s\u2019ajoute des personnes qui viennent des \u00eeles pacifiques de Sainte-Lucie, qui gr\u00e2ce \u00e0 l\u2019apport d\u2019un certain nombre de partenaires prendront part \u00e0 cette 6<sup>e<\/sup> \u00e9dition. Le cas de\u00a0 l\u2019Agence marocaine de la coop\u00e9ration internationale comme partenaire illustre ce qui pr\u00e9c\u00e8de.<\/p>\n<p>Laila Ouachi s\u2019est dite ravi de la participation de la gent f\u00e9minine marocaine \u00e0 travers la plupart des r\u00e9gions du pays. \u00abNous avons surtout la participation de femmes marocaines \u00e0 travers toutes les r\u00e9gions. Je suis ravi parce qu\u2019aujourd\u2019hui, c\u2019est quelque chose qui est encr\u00e9e dans l\u2019esprit des femmes qui y participent. L\u2019esprit associatif est encr\u00e9, l\u2019esprit de solidarit\u00e9 l\u2019est aussi\u00bb, a-t-elle \u00e9tay\u00e9 davantage.<\/p>\n<p>Par ailleurs, cette comp\u00e9tition qui regroupe une majorit\u00e9 d\u2019associations constitue pour ces femmes, un moyen de pouvoir mettre en place un certain nombre de projets au en faveur des associations, par la collecte des fonds. \u00abNotre objectif \u00e0 travers cela, c\u2019est justement de pouvoir collecter davantage de fonds, de le redistribuer, mais en m\u00eame temps de pouvoir vivre une passion, des aventures dans une ville magnifique comme Dakhla\u00bb, a-t-elle d\u00e9clar\u00e9.<\/p>\n<p>En somme, le souhait des initiateurs et initiatrices de l\u2019\u00e9v\u00e8nement, rev\u00eat \u00e9galement des ambitions plus larges pour la ville de Dakhla et les r\u00e9gions du sud. \u00abNous voulons surtout faire rayonner les provinces du sud \u00e0 l\u2019international dans la mesure o\u00f9, c\u2019est un \u00e9v\u00e8nement qui est m\u00e9diatis\u00e9 \u00e0 l\u2019international\u00bb, a-t-elle conclu.<\/p>\n<p class=\"c4\"><strong>Romuald Djabioh<\/strong><\/p>\n<p>Auteur: M&rsquo;hammed rahal<br \/>\n<a href=\"http:\/\/albayane.press.ma\/%EF%BB%BFune-competition-sportive-qui-prone-le-depassement-de-soi.html\">Cliquez ici pour lire l&rsquo;article depuis sa source.<\/a><\/p>\n","protected":false},"excerpt":{"rendered":"<p>\u201cSahraouiya, women challenge for solidarity\u201d \u00e0 Dakhla Dans le cadre de la 6e \u00e9dition \u00abSahraouiya women challenge for solidarity\u00bb, qui aura lieu \u00a0du 8 au 15 f\u00e9vrier, une conf\u00e9rence de presse a \u00e9t\u00e9 organis\u00e9e mercredi \u00e0 Casablanca dans le but de pr\u00e9senter l\u2019\u00e9dition et \u00e9taler la vision de celle-ci sur le court, moyen et long [&hellip;]<\/p>\n","protected":false},"author":1760,"featured_media":0,"comment_status":"closed","ping_status":"closed","sticky":false,"template":"","format":"standard","meta":{"fifu_image_url":"","fifu_image_alt":"","footnotes":""},"categories":[73,54],"tags":[],"class_list":["post-75571","post","type-post","status-publish","format-standard","hentry","category-actualite","category-maroc"],"_links":{"self":[{"href":"https:\/\/linitiative.ca\/International\/wp-json\/wp\/v2\/posts\/75571","targetHints":{"allow":["GET"]}}],"collection":[{"href":"https:\/\/linitiative.ca\/International\/wp-json\/wp\/v2\/posts"}],"about":[{"href":"https:\/\/linitiative.ca\/International\/wp-json\/wp\/v2\/types\/post"}],"author":[{"embeddable":true,"href":"https:\/\/linitiative.ca\/International\/wp-json\/wp\/v2\/users\/1760"}],"replies":[{"embeddable":true,"href":"https:\/\/linitiative.ca\/International\/wp-json\/wp\/v2\/comments?post=75571"}],"version-history":[{"count":0,"href":"https:\/\/linitiative.ca\/International\/wp-json\/wp\/v2\/posts\/75571\/revisions"}],"wp:attachment":[{"href":"https:\/\/linitiative.ca\/International\/wp-json\/wp\/v2\/media?parent=75571"}],"wp:term":[{"taxonomy":"category","embeddable":true,"href":"https:\/\/linitiative.ca\/International\/wp-json\/wp\/v2\/categories?post=75571"},{"taxonomy":"post_tag","embeddable":true,"href":"https:\/\/linitiative.ca\/International\/wp-json\/wp\/v2\/tags?post=75571"}],"curies":[{"name":"wp","href":"https:\/\/api.w.org\/{rel}","templated":true}]}}