{"id":75572,"date":"2020-02-09T06:27:29","date_gmt":"2020-02-09T11:27:29","guid":{"rendered":"https:\/\/linitiative.ca\/International\/%ef%bb%bfpositions-proposions-chroniques-des-annees-2017-2018\/"},"modified":"2020-02-09T06:27:29","modified_gmt":"2020-02-09T11:27:29","slug":"%ef%bb%bfpositions-proposions-chroniques-des-annees-2017-2018","status":"publish","type":"post","link":"https:\/\/linitiative.ca\/International\/%ef%bb%bfpositions-proposions-chroniques-des-annees-2017-2018\/","title":{"rendered":"\ufeff\u00abPositions &amp; Proposions, chroniques des ann\u00e9es 2017 &amp; 2018\u00bb"},"content":{"rendered":"<p class=\"has-text-color has-vivid-red-color c2\"><strong>C\u00e9r\u00e9monie de d\u00e9dicace de l\u2019ouvrage d\u2019Abdeslam Seddiki<\/strong><\/p>\n<p class=\"has-text-color c3\"><strong>Le si\u00e8ge national du PPS \u00e0 Rabat Parti du progr\u00e8s et du socialisme a abrit\u00e9, jeudi dernier, une s\u00e9ance de d\u00e9dicaces de l\u2019ouvrage, \u00abPositions &#038; propositions- chroniques des ann\u00e9es 2017 &#038; 2018\u00bb de Abdeslam Seddiki, membre du Bureau politique du parti et ancien ministre de l\u2019Emploi. Cette s\u00e9ance a \u00e9t\u00e9 mod\u00e9r\u00e9e par Ismail Hamraoui, chef du gouvernement parall\u00e8le des jeunes.<\/strong><\/p>\n<p><strong>Benabdallah\u00a0: Hommage \u00e0 l\u2019engagement intellectuel de Seddiki<\/strong><\/p>\n<p>Prenant la parole \u00a0\u00e0 cette occasion, le Secr\u00e9taire g\u00e9n\u00e9ral du PPS, Mohamed Nabil Benabdallah a tenu \u00e0 prime abord \u00e0 rendre hommage \u00e0 l\u2019auteur pour sa pers\u00e9v\u00e9rance et pour avoir continu\u00e9 \u00e0 produire des chroniques hebdomadaires \u00e0 un moment o\u00f9 la production intellectuelle des hommes politiques a s\u00e9rieusement baiss\u00e9, ce qui refl\u00e8te l\u2019ampleur de la crise politique qu\u2019affronte le pays et les difficult\u00e9s que conna\u00eet la gauche marocaine.<\/p>\n<p>Benabdallah a rappel\u00e9 que l\u2019auteur continue \u00a0de publier ses chroniques au journal Al Bayane et Bayane Al Yaoume.<\/p>\n<p>Cet ouvrage, dont la version arabe devra paraitre prochainement, se situe dans la lign\u00e9e des \u00e9crits \u00e0 connotation et \u00e0 saveur politique et \u00e9conomique des penseurs du parti et de la gauche marocaine en g\u00e9n\u00e9ral, a-t-il dit.<\/p>\n<p>Abdeslam Seddiki m\u00e9rite donc tout les \u00e9loges pour avoir fait l\u2019exception en abordant dans ses chroniques non seulement des sujets \u00e9conomiques et politiques, mais \u00e9galement \u00e0 caract\u00e8re social, diplomatique, strat\u00e9gique, culturel sans oublier les accords de libre \u00e9change, les relations du Maroc en Afrique et autres.<\/p>\n<p><strong>Lotfi Mrini\u00a0: les synth\u00e8ses de Seddiki d\u00e9notent la richesse de son background<\/strong><\/p>\n<p>Pr\u00e9sentant cet ouvrage, l\u2019universitaire Mohamed Lotfi Mrini, a indiqu\u00e9 qu\u2019il s\u2019agit d\u2019un recueil qui regroupe des chroniques publi\u00e9es surtout au journal Al Bayane pour les mettre \u00e0 la disposition des lecteurs et les partager avec eux, car \u00e9crire c\u2019est exister et partager avec le grand public, selon l\u2019auteur. Ce partage exprime l\u2019humilit\u00e9 et la g\u00e9n\u00e9rosit\u00e9 dont l\u2019auteur fait preuve, en assumant sa responsabilit\u00e9 politique de d\u00e9voiler en tant que penseur r\u00e9volutionnaire, membre de la direction d\u2019un parti de gauche, a-t-il dit, notant que l\u2019auteur fait toutefois preuve d\u2019une certaine dissidence en s\u2019exprimant avec une certaine libert\u00e9 et courage sur un certain nombre de th\u00e9matiques.<\/p>\n<p>A travers ses \u00e9crits, l\u2019auteur fait preuve aussi d\u2019un sens critique en partant d\u2019une parfaite connaissance des choses et en se r\u00e9f\u00e9rant en tant qu\u2019\u00e9rudit aux connaissances accumul\u00e9es et \u00e0 son background de cinquante ans de recherches et d\u2019analyses. Mais ce qui fait la particularit\u00e9 de ces chroniques, c\u2019est qu\u2019elles constituent des synth\u00e8ses de tout ce que pense l\u2019auteur et propose \u00e0 propos de telle ou telle th\u00e9matique trait\u00e9e. Et Seddiki en a la capacit\u00e9, a-t-il dit.<\/p>\n<p>Car il ne s\u2019agit pas de disserter sur tel ou tel th\u00e8me, mais de produire des synth\u00e8ses susceptibles de r\u00e9pondre aux int\u00e9r\u00eats des lecteurs marocains, qui ne consacrent plus que quelques minutes par jour \u00e0 la lecture.<\/p>\n<p>Dans le cas de l\u2019auteur, l\u2019\u00e9criture traduit aussi un engagement politique. C\u2019est pourquoi, il s\u2019abreuve de toutes les luttes auxquelles il a particip\u00e9 avec leurs r\u00e9ussites et les d\u00e9boires car il est non seulement \u00e9conomiste, mais \u00e9galement universitaire, syndicaliste, parlementaire, ancien ministre et membre de la direction du PPS.<\/p>\n<p>Selon Mrini, qui c\u00f4toie Seddiki depuis de longues ann\u00e9es, a commenc\u00e9 d\u2019\u00e9crire et de partager ses id\u00e9es, du temps de feu Aziz Belal et des autres \u00e9conomistes dont ce dernier \u00e9tait l\u2019\u00e9claireur. Ils contribuaient tous par leurs \u00e9crits au journal Al Bayane (Mimoun Habriche, Khalid Naciri, Thami Khyari, Moughit Toledano et bien d\u2019autres). Il a donc \u00e9volu\u00e9 dans un climat d\u2019\u00e9mulation et de partage, qui faisait que ceux qui \u00e9crivaient et publiaient leurs contributions au journal participaient \u00e9galement tous les dimanches aux ventes militantes de leur journal.<\/p>\n<p>Et cela bien avant que le staff, pilot\u00e9 par feu Nadir Yata ne prenne les choses en main pour donner au journal Al Bayane une autre dimension qui faisait dire \u00e0 d\u2019aucuns que c\u2019\u00e9tait \u00ab\u00a0LE MONDE\u00a0\u00bb du Maroc.<\/p>\n<p>Livrant sa lecture de l\u2019ouvrage, Dr Mrini a fait remarquer d\u2019abord qu\u2019un article de huit pages intitul\u00e9 \u00ab\u00a0l\u2019\u00e9conomie marocaine en question\u00a0\u00bb (p.15) r\u00e9sume en quelque sorte la quintessence du reste qui porte sur les atouts, la croissance, la structure, la bourgeoisie embryonnaire, les institutions acceptables, la richesse de la culture,\u00a0 les d\u00e9fis (march\u00e9 mondial, in\u00e9galit\u00e9s, comp\u00e9titivit\u00e9) et la donne du temps.<\/p>\n<p>Il y a aussi les grands titres que sont la r\u00e9gionalisation, les in\u00e9galit\u00e9s sociales, la note de cadrage de la loi de finances, les IDE, le mod\u00e8le de d\u00e9veloppement sans oublier l\u2019engagement politique de l\u2019auteur.<\/p>\n<p>Et Lotfi Mrini d\u2019estimer que les textes sont \u00ab\u00a0tr\u00e8s optimistes et qu\u2019ils sont politiquement corrects\u00a0\u00bb, du fait peut \u00eatre de \u00ab\u00a0la complexit\u00e9 des choses.<\/p>\n<p>En tant que professeur, l\u2019auteur se r\u00e9f\u00e8re \u00e0 diverses th\u00e9ories et \u00e9coles \u00e9conomiques dont il s\u2019inspire (Adam Smith, Keynes, Marx, Ibn Khaldoun et autres).<\/p>\n<p>Evoquant la note de cadrage et en particulier la fameuse question des priorit\u00e9s qu\u2019elle d\u00e9finit, Lotfi Mrini a soulign\u00e9 l\u2019importance d\u00e9cisive d\u2019une telle \u00e9tape dans la pr\u00e9paration de la loi de finances qu\u2019est la d\u00e9finition des priorit\u00e9s. Ce n\u2019est pas une affaires technique, mais une affaire devant trait\u00e9e et tranch\u00e9e par les politiques, a-t-il martel\u00e9.<\/p>\n<p>Il n\u2019a pas manqu\u00e9 aussi d\u2019\u00e9mettre une s\u00e9rie de critiques au sujet de la vision de l\u2019auteur \u00e0 l\u2019\u00e9gard du libre \u00e9change et du n\u00e9olib\u00e9ralisme, rappelant qu\u2019il est d\u00e9sormais faux de classer le Maroc parmi les pays \u00e9mergents, r\u00e9partis en cinq groupes. Pour ce qui est du Maroc, il ne fait partie que du deuxi\u00e8me groupe, loin derri\u00e8re trois autres.<\/p>\n<p><strong>Seddiki\u00a0: Apr\u00e8s sa publication, le produit de l\u2019auteur devient la propri\u00e9t\u00e9 de tous<\/strong><\/p>\n<p>Tr\u00e8s \u00e9mu et touch\u00e9 par les propos de ses camarades de lutte, Nabil Benabdallah et Mohamed Lotfi Mrini, l\u2019auteur de \u00ab\u00a0POSITIONS &#038; PROPOSITIONS, Chroniques des ann\u00e9es 2017 &#038; 2018\u00a0\u00bb, au bord des larmes et la gorge serr\u00e9e, a soulign\u00e9 qu\u2019apr\u00e8s sa publication, ce travail appartient d\u00e9sormais \u00e0 tout le monde.<\/p>\n<p>Il a exprim\u00e9 aussi sa gratitude au SG du PPS pour avoir tenu \u00e0 ce que la premi\u00e8re c\u00e9r\u00e9monie de pr\u00e9sentation se d\u00e9roule au si\u00e8ge national du parti et \u00e0 son coll\u00e8gue Lotfi Mrini pour avoir exprim\u00e9 sans\u00a0complaisance ce qu\u2019il pense de l\u2019ouvrage.<\/p>\n<p>Car il est enrichissant d\u2019avoir des avis diff\u00e9rents. Et comme dit-on ailleurs\u00a0: si deux personnes pensent la m\u00eame chose, l\u2019une d\u2019elles est inutile.<\/p>\n<p>Evoquant son rapport avec l\u2019\u00e9criture, il a indiqu\u00e9 avoir \u00e9crit son premier article tr\u00e8s critique sur un ouvrage de Samir Amine sur \u00abl\u2019\u00e9conomie du Maroc\u00bb. Et comme il n\u2019\u00e9tait pas de l\u2019avis de l\u2019\u00e9conomiste \u00e9gyptien sur beaucoup de points, il avait propos\u00e9 de mani\u00e8re humoristique de l\u2019excuser, car il avait publi\u00e9 son ouvrage dans les \u00e9ditions Minuit.<\/p>\n<p>Il a \u00e9galement essay\u00e9 d\u2019expliciter certaines id\u00e9es \u00e9mises dans son ouvrage au sujet de la gestion du temps qui co\u00fbte tr\u00e8s cher \u00e0 l\u2019\u00e9conomie de nombreux pays dont le Maroc. Un chantier non achev\u00e9 \u00e0 temps se traduit par de grandes pertes de tous genres pour le pays, a-t-il expliqu\u00e9.<\/p>\n<p>La modernit\u00e9 c\u2019est le respect de la ponctualit\u00e9, a-t-il dit.<\/p>\n<p>Quant aux accords de libre \u00e9change du Maroc avec de nombreux pays, ils ont \u00e9t\u00e9 malheureusement sign\u00e9s sans \u00e9tudes d\u2019impact et sans que l\u2019\u00e9conomie nationale ne soit suffisamment pr\u00eate pour en b\u00e9n\u00e9ficier. C\u2019est pourquoi, quelque 40% du d\u00e9ficit commercial du pays est d\u00fb \u00e0 ces accords de libre \u00e9change, selon lui.<\/p>\n<p>Et Seddiki d\u2019affirmer qu\u2019il \u00e9crit pour exister et partager. Et quand on partage le savoir et <strong>l\u2019amour<\/strong>, ils grandissent. Il ne faut pas en \u00eatre avare, a-t-il propos\u00e9.<\/p>\n<p>Une assistance tr\u00e8s avis\u00e9e et attentive a particip\u00e9 \u00e0 cette c\u00e9r\u00e9monie de d\u00e9dicace qui sera suivie par d\u2019autres sur le m\u00eame ouvrage dans d\u2019autres r\u00e9gions du pays.<\/p>\n<p class=\"c4\"><strong>M\u2019Barek Tafsi<\/strong><\/p>\n<p>Auteur: M&rsquo;hammed rahal<br \/>\n<a href=\"http:\/\/albayane.press.ma\/%EF%BB%BFpositions-proposions-chroniques-des-annees-2017-2018.html\">Cliquez ici pour lire l&rsquo;article depuis sa source.<\/a><\/p>\n","protected":false},"excerpt":{"rendered":"<p>C\u00e9r\u00e9monie de d\u00e9dicace de l\u2019ouvrage d\u2019Abdeslam Seddiki Le si\u00e8ge national du PPS \u00e0 Rabat Parti du progr\u00e8s et du socialisme a abrit\u00e9, jeudi dernier, une s\u00e9ance de d\u00e9dicaces de l\u2019ouvrage, \u00abPositions &#038; propositions- chroniques des ann\u00e9es 2017 &#038; 2018\u00bb de Abdeslam Seddiki, membre du Bureau politique du parti et ancien ministre de l\u2019Emploi. Cette s\u00e9ance [&hellip;]<\/p>\n","protected":false},"author":1760,"featured_media":0,"comment_status":"closed","ping_status":"closed","sticky":false,"template":"","format":"standard","meta":{"fifu_image_url":"","fifu_image_alt":"","footnotes":""},"categories":[73,54],"tags":[],"class_list":["post-75572","post","type-post","status-publish","format-standard","hentry","category-actualite","category-maroc"],"_links":{"self":[{"href":"https:\/\/linitiative.ca\/International\/wp-json\/wp\/v2\/posts\/75572","targetHints":{"allow":["GET"]}}],"collection":[{"href":"https:\/\/linitiative.ca\/International\/wp-json\/wp\/v2\/posts"}],"about":[{"href":"https:\/\/linitiative.ca\/International\/wp-json\/wp\/v2\/types\/post"}],"author":[{"embeddable":true,"href":"https:\/\/linitiative.ca\/International\/wp-json\/wp\/v2\/users\/1760"}],"replies":[{"embeddable":true,"href":"https:\/\/linitiative.ca\/International\/wp-json\/wp\/v2\/comments?post=75572"}],"version-history":[{"count":0,"href":"https:\/\/linitiative.ca\/International\/wp-json\/wp\/v2\/posts\/75572\/revisions"}],"wp:attachment":[{"href":"https:\/\/linitiative.ca\/International\/wp-json\/wp\/v2\/media?parent=75572"}],"wp:term":[{"taxonomy":"category","embeddable":true,"href":"https:\/\/linitiative.ca\/International\/wp-json\/wp\/v2\/categories?post=75572"},{"taxonomy":"post_tag","embeddable":true,"href":"https:\/\/linitiative.ca\/International\/wp-json\/wp\/v2\/tags?post=75572"}],"curies":[{"name":"wp","href":"https:\/\/api.w.org\/{rel}","templated":true}]}}