{"id":75573,"date":"2020-02-09T06:38:03","date_gmt":"2020-02-09T11:38:03","guid":{"rendered":"https:\/\/linitiative.ca\/International\/les-raisons-dune-revocation-revoltante\/"},"modified":"2020-02-09T06:38:03","modified_gmt":"2020-02-09T11:38:03","slug":"les-raisons-dune-revocation-revoltante","status":"publish","type":"post","link":"https:\/\/linitiative.ca\/International\/les-raisons-dune-revocation-revoltante\/","title":{"rendered":"Les raisons d\u2019une r\u00e9vocation r\u00e9voltante!"},"content":{"rendered":"<p class=\"has-text-color c2\"><strong>Comme pr\u00e9c\u00e9demment annonc\u00e9, l\u2019\u00e9p\u00e9e de Damocl\u00e8s s\u2019est bel et bien, abattue sur le cou du directeur du CHR Hassan II d\u2019Agadir.<\/strong><\/p>\n<p>La d\u00e9cision de l\u2019\u00e9viction \u00e9tait d\u00e9j\u00e0 prise en aval, bien avant le verdict du rapport de la commission d\u2019inspection qui avait r\u00e9sid\u00e9 par intermittence, plus d\u2019un mois d\u2019affil\u00e9e. Il eut \u00e9t\u00e9 pr\u00e9cipitamment, paraph\u00e9 par le ministre, alors qu\u2019il s\u00e9journait \u00e0 la capitale du Souss, \u00e0 l\u2019occasion de la visite royale.<\/p>\n<p>On en finissait d\u2019une fa\u00e7on exp\u00e9ditive, sans nullement se plier \u00e0 la proc\u00e9dure l\u00e9gale et d\u00e9cente, car on voulait mettre fin \u00e0 une besogne par les moyens les plus basses, profitant du s\u00e9jour royal et la biens\u00e9ance y aff\u00e9rente. En fait, le limogeage \u00e9tait si h\u00e2tif qu\u2019on s\u2019empressa de divulguer la lettre de licenciement, non sans pr\u00e9m\u00e9ditation, \u00e0 un site, connu pour sa haine hargneuse contrela formation politique \u00e0 laquelle le m\u00e9decin chef de l\u2019h\u00f4pital adh\u00e8re, avant m\u00eame que ce dernier ne re\u00e7oive le document.<\/p>\n<p>La r\u00e8gle de l\u2019art veut que le rapport d\u2019inspection ait le temps requis en phase de r\u00e9daction et soit transmis \u00e0 l\u2019int\u00e9ress\u00e9 pour r\u00e9ponse aux \u00e9ventuelles remarques, bien avant que le jugement final ne tombe. Il est alors clair telle l\u2019eau de roche, que les d\u00e9s \u00e9taient jet\u00e9s d\u00e8s le d\u00e9barquement de la commission sur les lieux. La question n\u2019avait rien de technique ni d\u2019administratif, mais, rev\u00eatirait, sans nul doute, un aspect plut\u00f4t politicien dont le mis en cause serait la cible, \u00e0 l\u2019instar de ses pr\u00e9d\u00e9cesseurs, clou\u00e9s au pilori.<\/p>\n<p>La liquidation des derniers mohicans du secteur de la sant\u00e9 se poursuit avec une telle acrimonie qu\u2019on voulait exterminer cette \u00abrace pure\u00bb qui d\u00e9rangeait tant les barons du domaine. Hier, ce furent Louardi, puis Doukkali, Bakkali et bien d\u2019autres encore.<\/p>\n<p>Aujourd\u2019hui, c\u2019est Errimani qui, \u00e0 coup s\u00fbr, fait les frais d\u2019une volont\u00e9 ferme de continuer la r\u00e9forme de ce service vital, infest\u00e9 malheureusement, par le mal chroniques de la d\u00e9pravation. On rappellera l\u2019attitude d\u00e9terminante du Pr Louardi qui s\u2019opposait farouchement aux \u00abdinosaures\u00bb de l\u2019industrie pharmaceutique, au point de se faire escorter par les agents de s\u00e9curit\u00e9, de crainte de se faire agress\u00e9, comme ce le cas \u00e0 l\u2019h\u00e9micycle.<\/p>\n<p>On reprochera aussi au directeur destitu\u00e9, cette intransigeance en mati\u00e8re de service, donnant l\u2019exemple \u00e0 cet \u00e9gard, en mettant la main \u00e0 la p\u00e2te au bloc op\u00e9ratoire, en \u00e9tant un chirurgien de renom. A cet effet, il oblige ses coll\u00e8gues \u00e0 op\u00e9rer les patients \u00e0 tout moment, m\u00eame la nuit absorbant ainsi les longues attentes, y compris celles du centre d\u2019oncologie d\u2019\u00e0 c\u00f4t\u00e9. Cette mesure, pas toujours agr\u00e9able pour les malveillances, avait fonci\u00e8rement combattu les soudoiements complices avec les cliniques qui se frottaient les mains face aux nonchalances juteuses de l\u2019h\u00f4pital.<\/p>\n<p>De surcro\u00eet, le rel\u00e8vement notoire de la qualit\u00e9 des prestances, revues \u00e0 la hausse \u00e0 une cadence marquantes, d\u00e9fiant la moyenne nationale, a fini par susciter des r\u00e9actions vindicatives \u00e0 son \u00e9gard. Maintes voix s\u2019accordent \u00e0 dire que ces d\u00e9marches n\u2019ont pas \u00e9t\u00e9 du go\u00fbt du lobby des cliniques priv\u00e9es \u00e0 Agadir qui ont vu leurs int\u00e9r\u00eats, de plus en plus, en danger. On ajoutera \u00e0 cette rigueur, son comportement fluide avec l\u2019ensemble du personnel et surtout sa profonde maitrise de la probl\u00e9matique de la sant\u00e9, ainsi que sa vision perspicace des panac\u00e9es \u00e0 porter pour sa progression.<\/p>\n<p>Ces faits ont d\u00fb agacer les r\u00e9actionnaires du syst\u00e8me et, partant, expliquer son renvoi arbitraire. Le secteur de la sant\u00e9 dans la r\u00e9gion Souss Massa en accuse un coup de tonnerre, puisque l\u2019un de ses patriotes de grand c\u0153ur en paie les pots cass\u00e9s pour ses luttes sans merci de son \u00e9closion. Et dire qu\u2019on se plaint de son d\u00e9clin perp\u00e9tuel!<\/p>\n<p>Auteur: M&rsquo;hammed rahal<br \/>\n<a href=\"http:\/\/albayane.press.ma\/les-raisons-dune-revocation-revoltante.html\">Cliquez ici pour lire l&rsquo;article depuis sa source.<\/a><\/p>\n","protected":false},"excerpt":{"rendered":"<p>Comme pr\u00e9c\u00e9demment annonc\u00e9, l\u2019\u00e9p\u00e9e de Damocl\u00e8s s\u2019est bel et bien, abattue sur le cou du directeur du CHR Hassan II d\u2019Agadir. La d\u00e9cision de l\u2019\u00e9viction \u00e9tait d\u00e9j\u00e0 prise en aval, bien avant le verdict du rapport de la commission d\u2019inspection qui avait r\u00e9sid\u00e9 par intermittence, plus d\u2019un mois d\u2019affil\u00e9e. Il eut \u00e9t\u00e9 pr\u00e9cipitamment, paraph\u00e9 par [&hellip;]<\/p>\n","protected":false},"author":1760,"featured_media":0,"comment_status":"closed","ping_status":"closed","sticky":false,"template":"","format":"standard","meta":{"fifu_image_url":"","fifu_image_alt":"","footnotes":""},"categories":[73,54],"tags":[],"class_list":["post-75573","post","type-post","status-publish","format-standard","hentry","category-actualite","category-maroc"],"_links":{"self":[{"href":"https:\/\/linitiative.ca\/International\/wp-json\/wp\/v2\/posts\/75573","targetHints":{"allow":["GET"]}}],"collection":[{"href":"https:\/\/linitiative.ca\/International\/wp-json\/wp\/v2\/posts"}],"about":[{"href":"https:\/\/linitiative.ca\/International\/wp-json\/wp\/v2\/types\/post"}],"author":[{"embeddable":true,"href":"https:\/\/linitiative.ca\/International\/wp-json\/wp\/v2\/users\/1760"}],"replies":[{"embeddable":true,"href":"https:\/\/linitiative.ca\/International\/wp-json\/wp\/v2\/comments?post=75573"}],"version-history":[{"count":0,"href":"https:\/\/linitiative.ca\/International\/wp-json\/wp\/v2\/posts\/75573\/revisions"}],"wp:attachment":[{"href":"https:\/\/linitiative.ca\/International\/wp-json\/wp\/v2\/media?parent=75573"}],"wp:term":[{"taxonomy":"category","embeddable":true,"href":"https:\/\/linitiative.ca\/International\/wp-json\/wp\/v2\/categories?post=75573"},{"taxonomy":"post_tag","embeddable":true,"href":"https:\/\/linitiative.ca\/International\/wp-json\/wp\/v2\/tags?post=75573"}],"curies":[{"name":"wp","href":"https:\/\/api.w.org\/{rel}","templated":true}]}}