{"id":75578,"date":"2020-02-09T13:04:29","date_gmt":"2020-02-09T18:04:29","guid":{"rendered":"https:\/\/linitiative.ca\/International\/le-film-documentaire-sur-les-soeurs-martyrs-saadane-projete-dans-les-universites-de-constantine\/"},"modified":"2020-02-09T13:04:29","modified_gmt":"2020-02-09T18:04:29","slug":"le-film-documentaire-sur-les-soeurs-martyrs-saadane-projete-dans-les-universites-de-constantine","status":"publish","type":"post","link":"https:\/\/linitiative.ca\/International\/le-film-documentaire-sur-les-soeurs-martyrs-saadane-projete-dans-les-universites-de-constantine\/","title":{"rendered":"Le film Documentaire sur les S\u0153urs martyrs Sa\u00e2dane projet\u00e9 dans les Universit\u00e9s de Constantine"},"content":{"rendered":"<div>\n<div class=\"K2FeedImage\"><img decoding=\"async\" src=\"http:\/\/www.aps.dz\/media\/k2\/items\/cache\/85bd14952250179969b80f99069f2109_S.jpg\" alt=\"Le film Documentaire sur les S\u0153urs martyrs Sa\u00e2dane projet\u00e9 dans les Universit\u00e9s de Constantine\"><\/div>\n<div class=\"K2FeedIntroText\">\n<p><strong>CONSTANTINE- Le film documentaire sur le parcours des s\u0153urs Fadila et Meriem Sa\u00e2dane, \u0153uvre de la r\u00e9alisatrice Soraya Ammour qui relate des r\u00e9v\u00e9lations in\u00e9dites sur les tortures subies par les femmes\u00a0alg\u00e9riennes durant le colonialisme dans la ferme Am\u00e9ziane de Constantine, sera projet\u00e9 \u00ab\u00a0prochainement\u00a0\u00bb dans les universit\u00e9s constantinoises, a indiqu\u00e9 dimanche la r\u00e9alisatrice du film.<\/strong><\/p>\n<\/div>\n<div class=\"K2FeedFullText\">\n<p>La projection du film documentaire historique dans les universit\u00e9s de Constantine aura lieu dans le cadre d\u2019un programme d\u2019animation en cours d\u2019\u00e9laboration de concert avec le secteur de l\u2019enseignement sup\u00e9rieur, a pr\u00e9cis\u00e9, Mme. Ammour qui a mis l\u2019accent sur l\u2019importance de ce genre d\u2019initiative dans \u00ab\u00a0l\u2019enrichissement des connaissances historiques des \u00e9tudiants et la stimulation de leur sens patriotique\u00a0\u00bb.<\/p>\n<p>L\u2019\u0153uvre, qui relate par la voix de la moudjahida Le\u00efla Sedira (s\u0153ur de la martyre Nafissa Belakhal et fille du militant de l\u2019Association des oul\u00e9mas\u00a0musulmans alg\u00e9riens, La\u00e2roussi Belakhal), les tortures subies par les femmes alg\u00e9riennes dans la ferme Am\u00e9ziane, sera pr\u00e9sent\u00e9e aux \u00e9tudiants des diverses facult\u00e9s, selon un planning qui sera arr\u00eat\u00e9 \u00ab\u00a0ult\u00e9rieurement\u00a0\u00bb, a fait savoir la r\u00e9alisatrice du film \u00e0 l&rsquo;APS.<\/p>\n<blockquote>\n<p><em><strong>Ce film documentaire de 1h30, d\u00e9di\u00e9 au combat de ces deux h\u00e9ro\u00efnes de la R\u00e9volution alg\u00e9rienne, mettra en avant les tortures subies \u00e0 la ferme Am\u00e9ziane qui fut, avec la villa Susini \u00e0 Alger, l\u2019un des plus importants centres de tortures am\u00e9nag\u00e9s par l\u2019administration coloniale durant la guerre de lib\u00e9ration nationale en plusieurs unit\u00e9s sp\u00e9cialis\u00e9es dans la r\u00e9pression de toute action et soutien \u00e0 la lutte du peuple alg\u00e9rien pour son ind\u00e9pendance sera, selon Mme. Ammour.<\/strong><\/em><\/p>\n<\/blockquote>\n<p>Le r\u00f4le de Fadila Sa\u00e2dane, \u00ab\u00a0l\u2019une des premi\u00e8res femmes alg\u00e9riennes assumant des responsabilit\u00e9s de haut niveau\u00a0\u00bb, sera relat\u00e9 dans le cadre de ce documentaire historique r\u00e9servant une \u00ab\u00a0large\u00a0\u00bb s\u00e9quence aux comp\u00e9tences de cette femme h\u00e9ro\u00efne, parmi les rares qui ont d\u00e9croch\u00e9 le baccalaur\u00e9at durant la p\u00e9riode coloniale, a pr\u00e9cis\u00e9 Mme. Ammour qui a insist\u00e9 sur l\u2019importance de \u00ab\u00a0raconter tout ces faits\u00a0\u00bb aux \u00e9tudiants pour les motiver \u00e0 servir leur pays dans n\u2019importe quelles circonstances.<\/p>\n<p>Le parcours de sa s\u0153ur Meriem qui \u00e9tait infirmi\u00e8re sera d\u00e9couvert par les \u00e9tudiants dans le cadre de cette \u0153uvre qui se veut un t\u00e9moignage \u00ab\u00a0fiable\u00a0\u00bb racontant le courage des femmes alg\u00e9riennes qui ont subies les pires des tortures pour que l\u2019Alg\u00e9rie soit libre et ind\u00e9pendante, selon Mme. Ammour.<\/p>\n<p>Ce travail de recherche, lanc\u00e9 depuis 2016, a mis la lumi\u00e8re sur des s\u00e9quences encore m\u00e9connues de la vie r\u00e9volutionnaire de ces deux s\u0153urs chahidate, mortes sur l\u2019autel de la libert\u00e9, a ajout\u00e9 la r\u00e9alisatrice,pr\u00e9cisant que plusieurs moudjahidine ont contribu\u00e9 par leurs t\u00e9moignages \u00e0 la r\u00e9alisation de ce film documentaire.<\/p>\n<blockquote>\n<p><em><strong>Fadila Sa\u00e2dane, qui fut l\u2019une des rares femmes \u00e0 pouvoir assister aux r\u00e9unions des chefs de zone de la Wilaya II historique, fut captur\u00e9e lors d\u2019un affrontement avec des soldats fran\u00e7ais qui prirent d\u2019assaut la cache clandestine o\u00f9 elle se trouvait en avril 1960 et fut imm\u00e9diatement transf\u00e9r\u00e9e au centre de torture de la ferme Am\u00e9ziane, o\u00f9 elle subissait les pires tortures, selon les t\u00e9moignages d\u00e9voil\u00e9s dans ce documentaire.<\/strong><\/em><\/p>\n<\/blockquote>\n<p>Sa s\u0153ur cadette Meriem, qui avait rejoint les rangs de la R\u00e9volution sera arr\u00eat\u00e9e et tortur\u00e9e \u00e0 mort, et son corps affreusement mutil\u00e9 fut jet\u00e9, le 22 juin 1958, avec celui de 52 autres militants constantinois, dans une grotte de Djebel Boughareb dans la commune de Benbadis (anciennement\u00a0 El Haria), selon les r\u00e9v\u00e9lations de ce documentaire.<\/p>\n<p>La r\u00e9alisatrice du film documentaire, projet\u00e9 pour la premi\u00e8re fois, samedi soir \u00e0 la maison de la culture Malek Haddad de Constantine, a indiqu\u00e9 que cette \u0153uvre constitue un document historique \u00e0 faire d\u00e9couvrir au maximum des citoyens, \u00e0 l\u2019\u00e9cole et \u00e0 l\u2019universit\u00e9 notamment pour servir de le\u00e7on aux g\u00e9n\u00e9rations sens\u00e9s porter le destin de l\u2019Alg\u00e9rie.<\/p>\n<p>Au centre-ville de Constantine, pr\u00e9cis\u00e9ment \u00e0 Coudiat, le lyc\u00e9e pittoresque, o\u00f9 Fadila elle-m\u00eame \u00e9tait \u00e9l\u00e8ve, porte le nom des s\u0153urs martyrs Meriem et Fadila Sa\u00e2dane, consid\u00e9r\u00e9es pour des g\u00e9n\u00e9rations enti\u00e8res un symbole de sacrifice et d\u2019engagement pour la patrie.<\/p>\n<p>\u00a0<\/p>\n<p>\u00a0<\/p>\n<p>\u00a0<\/p>\n<p>\u00a0<\/p>\n<p>\u00a0<\/p>\n<\/div>\n<\/div>\n<p>Auteur:<br \/>\n<a href=\"http:\/\/www.aps.dz\/culture\/101349-le-film-documentaire-sur-les-soeurs-martyrs-saadane-projete-dans-les-universites-de-constantine\">Cliquez ici pour lire l&rsquo;article depuis sa source.<\/a><\/p>\n","protected":false},"excerpt":{"rendered":"<p>CONSTANTINE- Le film documentaire sur le parcours des s\u0153urs Fadila et Meriem Sa\u00e2dane, \u0153uvre de la r\u00e9alisatrice Soraya Ammour qui relate des r\u00e9v\u00e9lations in\u00e9dites sur les tortures subies par les femmes\u00a0alg\u00e9riennes durant le colonialisme dans la ferme Am\u00e9ziane de Constantine, sera projet\u00e9 \u00ab\u00a0prochainement\u00a0\u00bb dans les universit\u00e9s constantinoises, a indiqu\u00e9 dimanche la r\u00e9alisatrice du film. La [&hellip;]<\/p>\n","protected":false},"author":1790,"featured_media":75579,"comment_status":"closed","ping_status":"closed","sticky":false,"template":"","format":"standard","meta":{"fifu_image_url":"","fifu_image_alt":"","footnotes":""},"categories":[53,79],"tags":[],"class_list":["post-75578","post","type-post","status-publish","format-standard","has-post-thumbnail","hentry","category-algerie","category-culture"],"_links":{"self":[{"href":"https:\/\/linitiative.ca\/International\/wp-json\/wp\/v2\/posts\/75578","targetHints":{"allow":["GET"]}}],"collection":[{"href":"https:\/\/linitiative.ca\/International\/wp-json\/wp\/v2\/posts"}],"about":[{"href":"https:\/\/linitiative.ca\/International\/wp-json\/wp\/v2\/types\/post"}],"author":[{"embeddable":true,"href":"https:\/\/linitiative.ca\/International\/wp-json\/wp\/v2\/users\/1790"}],"replies":[{"embeddable":true,"href":"https:\/\/linitiative.ca\/International\/wp-json\/wp\/v2\/comments?post=75578"}],"version-history":[{"count":0,"href":"https:\/\/linitiative.ca\/International\/wp-json\/wp\/v2\/posts\/75578\/revisions"}],"wp:featuredmedia":[{"embeddable":true,"href":"https:\/\/linitiative.ca\/International\/wp-json\/"}],"wp:attachment":[{"href":"https:\/\/linitiative.ca\/International\/wp-json\/wp\/v2\/media?parent=75578"}],"wp:term":[{"taxonomy":"category","embeddable":true,"href":"https:\/\/linitiative.ca\/International\/wp-json\/wp\/v2\/categories?post=75578"},{"taxonomy":"post_tag","embeddable":true,"href":"https:\/\/linitiative.ca\/International\/wp-json\/wp\/v2\/tags?post=75578"}],"curies":[{"name":"wp","href":"https:\/\/api.w.org\/{rel}","templated":true}]}}