{"id":75580,"date":"2020-02-09T13:04:34","date_gmt":"2020-02-09T18:04:34","guid":{"rendered":"https:\/\/linitiative.ca\/International\/constantine-projection-prochaine-dun-film-documentaire-sur-la-vie-de-redha-houhou\/"},"modified":"2020-02-09T13:04:34","modified_gmt":"2020-02-09T18:04:34","slug":"constantine-projection-prochaine-dun-film-documentaire-sur-la-vie-de-redha-houhou","status":"publish","type":"post","link":"https:\/\/linitiative.ca\/International\/constantine-projection-prochaine-dun-film-documentaire-sur-la-vie-de-redha-houhou\/","title":{"rendered":"Constantine: projection prochaine d\u2019un film documentaire sur la Vie de R\u00e9dha Houhou\u00a0"},"content":{"rendered":"<p><span class=\"sp-nh-title\">44 carrefours prochainement \u00e9quip\u00e9s en feux de signalisation intelligents \u00e0 Alger<\/span> &#8211; <span class=\"sp-nh-date\">dimanche 9 f\u00e9vrier 2020 18:36<\/span><\/p>\n<p><span class=\"sp-nh-title\">Valorisation des d\u00e9chets: atteindre un taux de 30% en 2035 contre 7% actuellement\u00a0 \u00a0<\/span> &#8211; <span class=\"sp-nh-date\">dimanche 9 f\u00e9vrier 2020 18:31<\/span><\/p>\n<p><span class=\"sp-nh-title\">SIEERA 2020 : participation de plus de 250 entreprises et startups vertes<\/span> &#8211; <span class=\"sp-nh-date\">dimanche 9 f\u00e9vrier 2020 18:15<\/span><\/p>\n<p><span class=\"sp-nh-title\">Port d\u2019Oran: traitement de plus de 9 millions de tonnes de marchandises en 2019<\/span> &#8211; <span class=\"sp-nh-date\">dimanche 9 f\u00e9vrier 2020 18:05<\/span><\/p>\n<p><span class=\"sp-nh-title\">Allocution du Pr\u00e9sident Tebboune au 33\u00e8me sommet de l&rsquo;UA \u00e0 Addis-Abeba \u00a0<\/span> &#8211; <span class=\"sp-nh-date\">dimanche 9 f\u00e9vrier 2020 17:49<\/span><\/p>\n<p><span class=\"sp-nh-title\">Constantine: projection prochaine d\u2019un film documentaire sur la Vie de R\u00e9dha Houhou\u00a0<\/span> &#8211; <span class=\"sp-nh-date\">dimanche 9 f\u00e9vrier 2020 17:48<\/span><\/p>\n<p><span class=\"sp-nh-title\">Le Pr\u00e9sident Tebboune s\u2019entretient \u00e0 Addis-Abeba avec son homologue malien<\/span> &#8211; <span class=\"sp-nh-date\">dimanche 9 f\u00e9vrier 2020 17:32<\/span><\/p>\n<p><span class=\"sp-nh-title\">\u0650Complot contre l&rsquo;autorit\u00e9 de l&rsquo;Etat et de l&rsquo;Arm\u00e9e: comparution des accus\u00e9s sauf Tartag\u00a0<\/span> &#8211; <span class=\"sp-nh-date\">dimanche 9 f\u00e9vrier 2020 17:17<\/span><\/p>\n<p><span class=\"sp-nh-title\">Une convention cadre pour renforcer la participation des startups \u00e0 la protection de l&rsquo;environnement<\/span> &#8211; <span class=\"sp-nh-date\">dimanche 9 f\u00e9vrier 2020 16:59<\/span><\/p>\n<p><span class=\"sp-nh-title\">Energies renouvelables: produire 15.000 MW \u00e9lectricit\u00e9 \u00e0 l&rsquo;horizon 2035<\/span> &#8211; <span class=\"sp-nh-date\">dimanche 9 f\u00e9vrier 2020 16:55<\/span><\/p>\n<p><span class=\"sp-nh-title\">Le nom du penseur Malek Chebel sera donn\u00e9 au palais de la Culture de Skikda<\/span> &#8211; <span class=\"sp-nh-date\">dimanche 9 f\u00e9vrier 2020 16:37<\/span><\/p>\n<p><span class=\"sp-nh-title\">Le film Documentaire sur les S\u0153urs martyrs Sa\u00e2dane projet\u00e9 dans les Universit\u00e9s de Constantine<\/span> &#8211; <span class=\"sp-nh-date\">dimanche 9 f\u00e9vrier 2020 16:31<\/span><\/p>\n<p><span class=\"sp-nh-title\">Le pr\u00e9sident Tebboune\u00a0: l&rsquo;Alg\u00e9rie s&rsquo;att\u00e8lera inlassablement au soutien des efforts pour la paix et la s\u00e9curit\u00e9 en Afrique<\/span> &#8211; <span class=\"sp-nh-date\">dimanche 9 f\u00e9vrier 2020 16:09<\/span><\/p>\n<p><span class=\"sp-nh-title\">Plan d&rsquo;action du gouvernement: des mesures pour un exercice plein des droits et libert\u00e9s<\/span> &#8211; <span class=\"sp-nh-date\">dimanche 9 f\u00e9vrier 2020 16:08<\/span><\/p>\n<p><span class=\"sp-nh-title\">Relizane : 27 bless\u00e9s dans un accident de la circulation \u00e0 Oued Rhiou<\/span> &#8211; <span class=\"sp-nh-date\">dimanche 9 f\u00e9vrier 2020 16:05<\/span><\/p>\n<p><span class=\"sp-nh-title\">Plan d&rsquo;action du gouvernement: la fiscalit\u00e9 au service du d\u00e9veloppement socio-\u00e9conomique\u00a0<\/span> &#8211; <span class=\"sp-nh-date\">dimanche 9 f\u00e9vrier 2020 15:32<\/span><\/p>\n<p><span class=\"sp-nh-title\">Finances: Cr\u00e9ation en 2020 de la banque de l&rsquo;Habitat et du fonds des PME et startup<\/span> &#8211; <span class=\"sp-nh-date\">dimanche 9 f\u00e9vrier 2020 15:26<\/span><\/p>\n<p><span class=\"sp-nh-title\">Le pr\u00e9sident Tebboune : l&rsquo;Alg\u00e9rie jouera, dor\u00e9navant, pleinement son r\u00f4le en Afrique et dans le monde<\/span> &#8211; <span class=\"sp-nh-date\">dimanche 9 f\u00e9vrier 2020 15:07<\/span><\/p>\n<p><span class=\"sp-nh-title\">Tebboune annonce la cr\u00e9ation d&rsquo;une agence alg\u00e9rienne de coop\u00e9ration internationale \u00e0 vocation africaine<\/span> &#8211; <span class=\"sp-nh-date\">dimanche 9 f\u00e9vrier 2020 15:03<\/span><\/p>\n<p><span class=\"sp-nh-title\">Gouvernement: un plan d&rsquo;action s&rsquo;inscrivant dans l&rsquo;objectif de l&rsquo;av\u00e8nement de la nouvelle R\u00e9publique<\/span> &#8211; <span class=\"sp-nh-date\">dimanche 9 f\u00e9vrier 2020 14:52<\/span><\/p>\n<p>Auteur:<br \/>\n<a href=\"http:\/\/www.aps.dz\/culture\/101353-constantine-projection-prochaine-d-un-film-documentaire-sur-la-vie-de-redha-houhou\">Cliquez ici pour lire l&rsquo;article depuis sa source.<\/a><\/p>\n","protected":false},"excerpt":{"rendered":"<p>44 carrefours prochainement \u00e9quip\u00e9s en feux de signalisation intelligents \u00e0 Alger &#8211; dimanche 9 f\u00e9vrier 2020 18:36 Valorisation des d\u00e9chets: atteindre un taux de 30% en 2035 contre 7% actuellement\u00a0 \u00a0 &#8211; dimanche 9 f\u00e9vrier 2020 18:31 SIEERA 2020 : participation de plus de 250 entreprises et startups vertes &#8211; dimanche 9 f\u00e9vrier 2020 18:15 [&hellip;]<\/p>\n","protected":false},"author":1790,"featured_media":0,"comment_status":"closed","ping_status":"closed","sticky":false,"template":"","format":"standard","meta":{"fifu_image_url":"","fifu_image_alt":"","footnotes":""},"categories":[53,79],"tags":[],"class_list":["post-75580","post","type-post","status-publish","format-standard","hentry","category-algerie","category-culture"],"_links":{"self":[{"href":"https:\/\/linitiative.ca\/International\/wp-json\/wp\/v2\/posts\/75580","targetHints":{"allow":["GET"]}}],"collection":[{"href":"https:\/\/linitiative.ca\/International\/wp-json\/wp\/v2\/posts"}],"about":[{"href":"https:\/\/linitiative.ca\/International\/wp-json\/wp\/v2\/types\/post"}],"author":[{"embeddable":true,"href":"https:\/\/linitiative.ca\/International\/wp-json\/wp\/v2\/users\/1790"}],"replies":[{"embeddable":true,"href":"https:\/\/linitiative.ca\/International\/wp-json\/wp\/v2\/comments?post=75580"}],"version-history":[{"count":0,"href":"https:\/\/linitiative.ca\/International\/wp-json\/wp\/v2\/posts\/75580\/revisions"}],"wp:attachment":[{"href":"https:\/\/linitiative.ca\/International\/wp-json\/wp\/v2\/media?parent=75580"}],"wp:term":[{"taxonomy":"category","embeddable":true,"href":"https:\/\/linitiative.ca\/International\/wp-json\/wp\/v2\/categories?post=75580"},{"taxonomy":"post_tag","embeddable":true,"href":"https:\/\/linitiative.ca\/International\/wp-json\/wp\/v2\/tags?post=75580"}],"curies":[{"name":"wp","href":"https:\/\/api.w.org\/{rel}","templated":true}]}}