{"id":75581,"date":"2020-02-09T13:04:37","date_gmt":"2020-02-09T18:04:37","guid":{"rendered":"https:\/\/linitiative.ca\/International\/valorisation-des-dechets-atteindre-un-taux-de-30-en-2035-contre-7-actuellement\/"},"modified":"2020-02-09T13:04:37","modified_gmt":"2020-02-09T18:04:37","slug":"valorisation-des-dechets-atteindre-un-taux-de-30-en-2035-contre-7-actuellement","status":"publish","type":"post","link":"https:\/\/linitiative.ca\/International\/valorisation-des-dechets-atteindre-un-taux-de-30-en-2035-contre-7-actuellement\/","title":{"rendered":"Valorisation des d\u00e9chets: atteindre un taux de 30% en 2035 contre 7% actuellement\u00a0  \u00a0"},"content":{"rendered":"<div readability=\"38\">\n<p><strong>ALGER- La ministre de l&rsquo;Environnement et des Energies renouvelables, Nassira Benharrats a indiqu\u00e9, dimanche \u00e0 Alger, que lancement du projet d&rsquo;appui aux fili\u00e8res de valorisation et de recyclage des d\u00e9chets a pour principal objectif d&rsquo;atteindre une moyenne de valorisation des d\u00e9chets de 30% d&rsquo;ici 2035 contre une moyenne actuelle ne d\u00e9passant pas 7%.<\/strong><\/p>\n<\/div>\n<div readability=\"104\">\n<p>Dans une allocution \u00e0 l&rsquo;occasion du lancement de ce projet en partenariat avec l&rsquo;Agence de coop\u00e9ration allemande (GIZ), Mme Benharrats a pr\u00e9cis\u00e9 que \u00ab\u00a0la valorisation des d\u00e9chets en Alg\u00e9rie est assur\u00e9e actuellement \u00e0 hauteur de 7 %\u00a0\u00bb, ajoutant que \u00ab\u00a0les principaux d\u00e9fis consistent \u00e0 assurer le tri et la gestion des d\u00e9chets en tant que produit secondaire valorisable, avec l&rsquo;objectif d&rsquo;atteindre un taux de 30% d&rsquo;ici 2035\u00a0\u00bb.<\/p>\n<p>Affirmant que le recyclage des d\u00e9chets \u00e9tait un cr\u00e9neau d&rsquo;investissement prometteur, la ministre a relev\u00e9 que le recyclage de ces produits pourra cr\u00e9er une valeur de 100 milliards de da\/an, conform\u00e9ment \u00e0 un programme structurel fort bas\u00e9 sur l&rsquo;\u00e9conomie du savoir, la num\u00e9risation et une large participation des startup pour renforcer le r\u00e9seau des micro-projets dans le domaine des m\u00e9tiers verts et de l&rsquo;\u00e9conomie circulaire.<\/p>\n<p>Dans ce sens, Mme. Benharrats a insist\u00e9 sur l&rsquo;imp\u00e9ratif d&rsquo;interdire l&rsquo;exportation de tous les produits secondaires recyclables, tout en renfor\u00e7ant les fili\u00e8res de valorisation des emballages, des pneus, des batteries, des huiles usag\u00e9es ainsi les produits pharmaceutiques p\u00e9rim\u00e9s.<\/p>\n<p>Pour la ministre de l&rsquo;Environnement, la mise en place de m\u00e9canismes efficaces pour la mise en oeuvre de cette vision est tributaire de la cr\u00e9ation de la richesse et des m\u00e9tiers verts bas\u00e9s essentiellement sur les start-up et l&rsquo;\u00e9conomie du savoir qui reposent sur trois principaux axes, avec \u00e0 leur t\u00eate la mutation \u00e9nerg\u00e9tique, le passage \u00e0 l&rsquo;\u00e9conomie circulaire pour r\u00e9duire le gaspillage des ressources et la cr\u00e9ation de secteurs g\u00e9n\u00e9rateurs de richesse et d&rsquo;opportunit\u00e9s d&#8217;emploi.<\/p>\n<p>Le troisi\u00e8me axe principal concerne la transition vers l&rsquo;\u00e9cocitoyennet\u00e9 par la mise en place d&rsquo;une strat\u00e9gie nationale de communication et de sensibilisation en mati\u00e8re environnementale, a ajout\u00e9 la ministre.<\/p>\n<p>De son c\u00f4t\u00e9, la directrice r\u00e9sidente de l&rsquo;Agence de coop\u00e9ration allemande \u00ab\u00a0Giz\u00a0\u00bb en Alg\u00e9rie, Ella Schieber, a estim\u00e9 que le projet d&rsquo;appui aux fili\u00e8res de valorisation et de recyclage des d\u00e9chets visait essentiellement \u00e0 cr\u00e9er une \u00e9conomie circulaire, et, donc, des emplois permanents.<\/p>\n<p>L&rsquo;Agence de coop\u00e9ration allemande est pr\u00e9sente en Alg\u00e9rie depuis une quarantaine d&rsquo;ann\u00e9es. Elle oeuvre, en collaboration avec les autorit\u00e9s alg\u00e9riennes, \u00e0 la cr\u00e9ation de projets innovants dans le domaine de la valorisation et du recyclage des d\u00e9chets pour une \u00e9conomie circulaire forte.<\/p>\n<p>Pour sa part, le charg\u00e9 d&rsquo;affaires de l&rsquo;ambassade d&rsquo;Allemagne \u00e0 Alger, Andreas Fiedler, a fait savoir que le tri et le recyclage des d\u00e9chets en Allemagne avaient favoris\u00e9, d\u00e8s la fin des ann\u00e9es 1990, l&rsquo;\u00e9mergence d&rsquo;un secteur industriel \u00e0 part enti\u00e8re, dont le financement incombe aux producteurs.<\/p>\n<p>Fort de cette exp\u00e9rience, ce partenariat technique contribuera \u00e0 l&rsquo;am\u00e9lioration du cadre de vie des citoyens \u00e0 travers la valorisation et le recyclage des d\u00e9chets, a-t-il soulign\u00e9.<\/p>\n<p>A cette occasion, le charg\u00e9 d&rsquo;affaires de l&rsquo;ambassade d&rsquo;Allemagne \u00e0 Alger a tenu \u00e0 saluer les \u00ab\u00a0bonnes\u00a0\u00bb relations qu&rsquo;entretiennent les deux pays.<\/p>\n<\/div>\n<p>Auteur:<br \/>\n<a href=\"http:\/\/www.aps.dz\/culture\/101356-valorisation-des-dechets-atteindre-un-taux-de-30-en-2035-contre-7-actuellement\">Cliquez ici pour lire l&rsquo;article depuis sa source.<\/a><\/p>\n","protected":false},"excerpt":{"rendered":"<p>ALGER- La ministre de l&rsquo;Environnement et des Energies renouvelables, Nassira Benharrats a indiqu\u00e9, dimanche \u00e0 Alger, que lancement du projet d&rsquo;appui aux fili\u00e8res de valorisation et de recyclage des d\u00e9chets a pour principal objectif d&rsquo;atteindre une moyenne de valorisation des d\u00e9chets de 30% d&rsquo;ici 2035 contre une moyenne actuelle ne d\u00e9passant pas 7%. Dans une [&hellip;]<\/p>\n","protected":false},"author":1790,"featured_media":0,"comment_status":"closed","ping_status":"closed","sticky":false,"template":"","format":"standard","meta":{"fifu_image_url":"","fifu_image_alt":"","footnotes":""},"categories":[53,79],"tags":[],"class_list":["post-75581","post","type-post","status-publish","format-standard","hentry","category-algerie","category-culture"],"_links":{"self":[{"href":"https:\/\/linitiative.ca\/International\/wp-json\/wp\/v2\/posts\/75581","targetHints":{"allow":["GET"]}}],"collection":[{"href":"https:\/\/linitiative.ca\/International\/wp-json\/wp\/v2\/posts"}],"about":[{"href":"https:\/\/linitiative.ca\/International\/wp-json\/wp\/v2\/types\/post"}],"author":[{"embeddable":true,"href":"https:\/\/linitiative.ca\/International\/wp-json\/wp\/v2\/users\/1790"}],"replies":[{"embeddable":true,"href":"https:\/\/linitiative.ca\/International\/wp-json\/wp\/v2\/comments?post=75581"}],"version-history":[{"count":0,"href":"https:\/\/linitiative.ca\/International\/wp-json\/wp\/v2\/posts\/75581\/revisions"}],"wp:attachment":[{"href":"https:\/\/linitiative.ca\/International\/wp-json\/wp\/v2\/media?parent=75581"}],"wp:term":[{"taxonomy":"category","embeddable":true,"href":"https:\/\/linitiative.ca\/International\/wp-json\/wp\/v2\/categories?post=75581"},{"taxonomy":"post_tag","embeddable":true,"href":"https:\/\/linitiative.ca\/International\/wp-json\/wp\/v2\/tags?post=75581"}],"curies":[{"name":"wp","href":"https:\/\/api.w.org\/{rel}","templated":true}]}}