{"id":75582,"date":"2020-02-09T06:57:00","date_gmt":"2020-02-09T11:57:00","guid":{"rendered":"https:\/\/linitiative.ca\/International\/requisitoire-inaccoutume-le-verdict-attendu-le-23-fevrier\/"},"modified":"2020-02-09T06:57:00","modified_gmt":"2020-02-09T11:57:00","slug":"requisitoire-inaccoutume-le-verdict-attendu-le-23-fevrier","status":"publish","type":"post","link":"https:\/\/linitiative.ca\/International\/requisitoire-inaccoutume-le-verdict-attendu-le-23-fevrier\/","title":{"rendered":"R\u00e9quisitoire inaccoutum\u00e9, le verdict attendu le 23 f\u00e9vrier"},"content":{"rendered":"<div id=\"originalText\" readability=\"63\">\n<p>Le proc\u00e8s de 16 des 20 manifestants arr\u00eat\u00e9s le 17 janvier, lors du 48e vendredi de marche \u00e0 Alger, avant d\u2019\u00eatre remis en libert\u00e9 provisoire le dimanche 20 janvier, s\u2019est ouvert aujourd\u2019hui, au tribunal de Sidi M\u2019hamed.<\/p>\n<p>Poursuivis pour \u00abattroupement non autoris\u00e9\u00bb,\u00a0 le parquet a requis, \u00e0 la suprise de tous, l\u2019acquittement, ce qui a provoqu\u00e9 des applaudissements, des acclamations et des youyous dans la salle (voir le t\u00e9moignage de Me Aouicha Bekhti dans la\u00a0vid\u00e9o\u00a0ci-dessous). Le verdict le 23 f\u00e9vrier prochain.<\/p>\n<p><iframe loading=\"lazy\" allowfullscreen=\"true\" allowtransparency=\"true\" frameborder=\"0\" height=\"420\" scrolling=\"no\" src=\"https:\/\/web.facebook.com\/plugins\/video.php?href=https%3A%2F%2Fweb.facebook.com%2FJournaLiberteOfficiel%2Fvideos%2F645220826236284%2F&#038;show_text=0&#038;width=560\" class=\"c6\" width=\"560\">[embedded content]<\/iframe>Concernant le militant de RAJ, Kamel Nemmiche, qui figure parmi les 4 autres d\u00e9tenus poursuivis pour \u00abatteinte \u00e0 l\u2019unit\u00e9 nationale\u00bb, le parquet a requis \u00abl\u2019application de la loi\u00bb, en attendant le verdict le 23 f\u00e9vrier prochain.<\/p>\n<p>Un rassemblement a \u00e9t\u00e9 improvis\u00e9 devant le tribunal, \u00e0 la sortie du proc\u00e8s, par des militants des droits de l\u2019homme et des activistes politiques, venus se solidariser avec les d\u00e9tenus d\u2019opinion.<\/p>\n<p><iframe loading=\"lazy\" allowfullscreen=\"true\" allowtransparency=\"true\" frameborder=\"0\" height=\"338\" scrolling=\"no\" src=\"https:\/\/web.facebook.com\/plugins\/video.php?href=https%3A%2F%2Fweb.facebook.com%2FJournaLiberteOfficiel%2Fvideos%2F228410988183009%2F&#038;show_text=0&#038;width=560\" class=\"c6\" width=\"560\">[embedded content]<\/iframe><\/p>\n<p class=\"c7\"><strong>R\u00e9daction Web<\/strong><\/p>\n<\/div>\n<div id=\"text_core\" readability=\"63\">\n<p>Le proc\u00e8s de 16 des 20 manifestants arr\u00eat\u00e9s le 17 janvier, lors du 48e vendredi de marche \u00e0 Alger, avant d\u2019\u00eatre remis en libert\u00e9 provisoire le dimanche 20 janvier, s\u2019est ouvert aujourd\u2019hui, au tribunal de Sidi M\u2019hamed.<\/p>\n<p>Poursuivis pour \u00abattroupement non autoris\u00e9\u00bb,\u00a0 le parquet a requis, \u00e0 la suprise de tous, l\u2019acquittement, ce qui a provoqu\u00e9 des applaudissements, des acclamations et des youyous dans la salle (voir le t\u00e9moignage de Me Aouicha Bekhti dans la\u00a0vid\u00e9o\u00a0ci-dessous). Le verdict le 23 f\u00e9vrier prochain.<\/p>\n<p><iframe loading=\"lazy\" allowfullscreen=\"true\" allowtransparency=\"true\" frameborder=\"0\" height=\"420\" scrolling=\"no\" src=\"https:\/\/web.facebook.com\/plugins\/video.php?href=https%3A%2F%2Fweb.facebook.com%2FJournaLiberteOfficiel%2Fvideos%2F645220826236284%2F&#038;show_text=0&#038;width=560\" class=\"c6\" width=\"560\">[embedded content]<\/iframe>Concernant le militant de RAJ, Kamel Nemmiche, qui figure parmi les 4 autres d\u00e9tenus poursuivis pour \u00abatteinte \u00e0 l\u2019unit\u00e9 nationale\u00bb, le parquet a requis \u00abl\u2019application de la loi\u00bb, en attendant le verdict le 23 f\u00e9vrier prochain.<\/p>\n<p>Un rassemblement a \u00e9t\u00e9 improvis\u00e9 devant le tribunal, \u00e0 la sortie du proc\u00e8s, par des militants des droits de l\u2019homme et des activistes politiques, venus se solidariser avec les d\u00e9tenus d\u2019opinion.<\/p>\n<p><iframe loading=\"lazy\" allowfullscreen=\"true\" allowtransparency=\"true\" frameborder=\"0\" height=\"338\" scrolling=\"no\" src=\"https:\/\/web.facebook.com\/plugins\/video.php?href=https%3A%2F%2Fweb.facebook.com%2FJournaLiberteOfficiel%2Fvideos%2F228410988183009%2F&#038;show_text=0&#038;width=560\" class=\"c6\" width=\"560\">[embedded content]<\/iframe><\/p>\n<p class=\"c7\"><strong>R\u00e9daction Web<\/strong><\/p>\n<\/div>\n<p>Auteur:<br \/>\n<a href=\"https:\/\/www.liberte-algerie.com\/actualite\/requisitoire-inaccoutume-le-verdict-attendu-le-23-fevrier-333548\">Cliquez ici pour lire l&rsquo;article depuis sa source.<\/a><\/p>\n","protected":false},"excerpt":{"rendered":"<p>Le proc\u00e8s de 16 des 20 manifestants arr\u00eat\u00e9s le 17 janvier, lors du 48e vendredi de marche \u00e0 Alger, avant d\u2019\u00eatre remis en libert\u00e9 provisoire le dimanche 20 janvier, s\u2019est ouvert aujourd\u2019hui, au tribunal de Sidi M\u2019hamed. Poursuivis pour \u00abattroupement non autoris\u00e9\u00bb,\u00a0 le parquet a requis, \u00e0 la suprise de tous, l\u2019acquittement, ce qui a [&hellip;]<\/p>\n","protected":false},"author":1742,"featured_media":0,"comment_status":"closed","ping_status":"closed","sticky":false,"template":"","format":"standard","meta":{"fifu_image_url":"","fifu_image_alt":"","footnotes":""},"categories":[73,53],"tags":[],"class_list":["post-75582","post","type-post","status-publish","format-standard","hentry","category-actualite","category-algerie"],"_links":{"self":[{"href":"https:\/\/linitiative.ca\/International\/wp-json\/wp\/v2\/posts\/75582","targetHints":{"allow":["GET"]}}],"collection":[{"href":"https:\/\/linitiative.ca\/International\/wp-json\/wp\/v2\/posts"}],"about":[{"href":"https:\/\/linitiative.ca\/International\/wp-json\/wp\/v2\/types\/post"}],"author":[{"embeddable":true,"href":"https:\/\/linitiative.ca\/International\/wp-json\/wp\/v2\/users\/1742"}],"replies":[{"embeddable":true,"href":"https:\/\/linitiative.ca\/International\/wp-json\/wp\/v2\/comments?post=75582"}],"version-history":[{"count":0,"href":"https:\/\/linitiative.ca\/International\/wp-json\/wp\/v2\/posts\/75582\/revisions"}],"wp:attachment":[{"href":"https:\/\/linitiative.ca\/International\/wp-json\/wp\/v2\/media?parent=75582"}],"wp:term":[{"taxonomy":"category","embeddable":true,"href":"https:\/\/linitiative.ca\/International\/wp-json\/wp\/v2\/categories?post=75582"},{"taxonomy":"post_tag","embeddable":true,"href":"https:\/\/linitiative.ca\/International\/wp-json\/wp\/v2\/tags?post=75582"}],"curies":[{"name":"wp","href":"https:\/\/api.w.org\/{rel}","templated":true}]}}