{"id":75584,"date":"2020-02-09T09:21:00","date_gmt":"2020-02-09T14:21:00","guid":{"rendered":"https:\/\/linitiative.ca\/International\/condamnation-confirmee-pour-13-manifestants\/"},"modified":"2020-02-09T09:21:00","modified_gmt":"2020-02-09T14:21:00","slug":"condamnation-confirmee-pour-13-manifestants","status":"publish","type":"post","link":"https:\/\/linitiative.ca\/International\/condamnation-confirmee-pour-13-manifestants\/","title":{"rendered":"Condamnation confirm\u00e9e pour 13 manifestants"},"content":{"rendered":"<div id=\"originalText\" readability=\"46\">\n<p>La cour de Tlemcen a confirm\u00e9, lors du proc\u00e8s en appel, la condamnation \u00e0 2 mois de prison avec sursis et une amende pour 13 manifestants, a indiqu\u00e9 ce dimanche 2020 le comit\u00e9 national pour la lib\u00e9ration des d\u00e9tenus CNLD, sur sa page facebook.<\/p>\n<p>\u00ab\u00a0La cour confirme la condamnation \u00e0 2 mois de sursis et une amende (verdict d\u00e9j\u00e0 prononc\u00e9 par le tribunal de Tlemcen) \u00ab\u00a0, pr\u00e9cise le comit\u00e9.<\/p>\n<p>Pour rappel, les 13 manifestants sont accus\u00e9s d\u2019\u00ab entrave au bon d\u00e9roulement de l&rsquo;\u00e9lection pr\u00e9sidentielle\u00a0\u00bb du 12 d\u00e9cembre 2019.<\/p>\n<p class=\"c6\"><strong>Kenza Sifi<\/strong><\/p>\n<\/div>\n<div id=\"text_core\" readability=\"46\">\n<p>La cour de Tlemcen a confirm\u00e9, lors du proc\u00e8s en appel, la condamnation \u00e0 2 mois de prison avec sursis et une amende pour 13 manifestants, a indiqu\u00e9 ce dimanche 2020 le comit\u00e9 national pour la lib\u00e9ration des d\u00e9tenus CNLD, sur sa page facebook.<\/p>\n<p>\u00ab\u00a0La cour confirme la condamnation \u00e0 2 mois de sursis et une amende (verdict d\u00e9j\u00e0 prononc\u00e9 par le tribunal de Tlemcen) \u00ab\u00a0, pr\u00e9cise le comit\u00e9.<\/p>\n<p>Pour rappel, les 13 manifestants sont accus\u00e9s d\u2019\u00ab entrave au bon d\u00e9roulement de l&rsquo;\u00e9lection pr\u00e9sidentielle\u00a0\u00bb du 12 d\u00e9cembre 2019.<\/p>\n<p class=\"c6\"><strong>Kenza Sifi<\/strong><\/p>\n<\/div>\n<p>Auteur:<br \/>\n<a href=\"https:\/\/www.liberte-algerie.com\/actualite\/condamnation-confirmee-pour-13-manifestants-333550\">Cliquez ici pour lire l&rsquo;article depuis sa source.<\/a><\/p>\n","protected":false},"excerpt":{"rendered":"<p>La cour de Tlemcen a confirm\u00e9, lors du proc\u00e8s en appel, la condamnation \u00e0 2 mois de prison avec sursis et une amende pour 13 manifestants, a indiqu\u00e9 ce dimanche 2020 le comit\u00e9 national pour la lib\u00e9ration des d\u00e9tenus CNLD, sur sa page facebook. \u00ab\u00a0La cour confirme la condamnation \u00e0 2 mois de sursis et [&hellip;]<\/p>\n","protected":false},"author":1742,"featured_media":0,"comment_status":"closed","ping_status":"closed","sticky":false,"template":"","format":"standard","meta":{"fifu_image_url":"","fifu_image_alt":"","footnotes":""},"categories":[73,53],"tags":[],"class_list":["post-75584","post","type-post","status-publish","format-standard","hentry","category-actualite","category-algerie"],"_links":{"self":[{"href":"https:\/\/linitiative.ca\/International\/wp-json\/wp\/v2\/posts\/75584","targetHints":{"allow":["GET"]}}],"collection":[{"href":"https:\/\/linitiative.ca\/International\/wp-json\/wp\/v2\/posts"}],"about":[{"href":"https:\/\/linitiative.ca\/International\/wp-json\/wp\/v2\/types\/post"}],"author":[{"embeddable":true,"href":"https:\/\/linitiative.ca\/International\/wp-json\/wp\/v2\/users\/1742"}],"replies":[{"embeddable":true,"href":"https:\/\/linitiative.ca\/International\/wp-json\/wp\/v2\/comments?post=75584"}],"version-history":[{"count":0,"href":"https:\/\/linitiative.ca\/International\/wp-json\/wp\/v2\/posts\/75584\/revisions"}],"wp:attachment":[{"href":"https:\/\/linitiative.ca\/International\/wp-json\/wp\/v2\/media?parent=75584"}],"wp:term":[{"taxonomy":"category","embeddable":true,"href":"https:\/\/linitiative.ca\/International\/wp-json\/wp\/v2\/categories?post=75584"},{"taxonomy":"post_tag","embeddable":true,"href":"https:\/\/linitiative.ca\/International\/wp-json\/wp\/v2\/tags?post=75584"}],"curies":[{"name":"wp","href":"https:\/\/api.w.org\/{rel}","templated":true}]}}