{"id":75586,"date":"2020-02-09T10:59:00","date_gmt":"2020-02-09T15:59:00","guid":{"rendered":"https:\/\/linitiative.ca\/International\/un-manifestant-place-sous-mandat-de-depot\/"},"modified":"2020-02-09T10:59:00","modified_gmt":"2020-02-09T15:59:00","slug":"un-manifestant-place-sous-mandat-de-depot","status":"publish","type":"post","link":"https:\/\/linitiative.ca\/International\/un-manifestant-place-sous-mandat-de-depot\/","title":{"rendered":"Un manifestant plac\u00e9 sous mandat de d\u00e9p\u00f4t"},"content":{"rendered":"<div id=\"originalText\" readability=\"57\">\n<p>Le juge d\u2019instruction pr\u00e8s le tribunal de Sa\u00efda a plac\u00e9, ce dimanche, sous mandat de d\u00e9p\u00f4t un manifestant du nom de Elhachimi Houari, arr\u00eat\u00e9 lors de la marche du vendredi dernier, au niveau de la m\u00eame wilaya.<\/p>\n<p>Selon le comit\u00e9 national pour la lib\u00e9ration des d\u00e9tenus, Elhachimi Houari a \u00e9t\u00e9 arr\u00eat\u00e9 avec deux autres manifestants, mais lui seul a \u00e9t\u00e9 maintenu en garde \u00e0 vue.<\/p>\n<p>\u00abPr\u00e9sent\u00e9 ce matin devant le procureur du tribunal, puis le juge d&rsquo;instruction, il a \u00e9t\u00e9 plac\u00e9 sous mandat de d\u00e9p\u00f4t et son proc\u00e8s est programm\u00e9 pour le dimanche 16 f\u00e9vrier\u00bb, a fait savoir la CNLD sur sa page facebook, en pr\u00e9cisant que le concern\u00e9 est accus\u00e9 d&rsquo;\u00a0\u00abattroupement\u00bb et d\u2019\u00a0\u00abatteinte \u00e0 corps constitu\u00e9\u00bb.<\/p>\n<p>Des sources locales affirment, cependant, que l\u2019accus\u00e9 \u00abavait r\u00e9agi face \u00e0 la violence d\u2019un policier contre sa personne\u00bb.<\/p>\n<p class=\"c6\"><strong>R\u00e9daction Web<\/strong> \u00a0<\/p>\n<\/div>\n<div id=\"text_core\" readability=\"57\">\n<p>Le juge d\u2019instruction pr\u00e8s le tribunal de Sa\u00efda a plac\u00e9, ce dimanche, sous mandat de d\u00e9p\u00f4t un manifestant du nom de Elhachimi Houari, arr\u00eat\u00e9 lors de la marche du vendredi dernier, au niveau de la m\u00eame wilaya.<\/p>\n<p>Selon le comit\u00e9 national pour la lib\u00e9ration des d\u00e9tenus, Elhachimi Houari a \u00e9t\u00e9 arr\u00eat\u00e9 avec deux autres manifestants, mais lui seul a \u00e9t\u00e9 maintenu en garde \u00e0 vue.<\/p>\n<p>\u00abPr\u00e9sent\u00e9 ce matin devant le procureur du tribunal, puis le juge d&rsquo;instruction, il a \u00e9t\u00e9 plac\u00e9 sous mandat de d\u00e9p\u00f4t et son proc\u00e8s est programm\u00e9 pour le dimanche 16 f\u00e9vrier\u00bb, a fait savoir la CNLD sur sa page facebook, en pr\u00e9cisant que le concern\u00e9 est accus\u00e9 d&rsquo;\u00a0\u00abattroupement\u00bb et d\u2019\u00a0\u00abatteinte \u00e0 corps constitu\u00e9\u00bb.<\/p>\n<p>Des sources locales affirment, cependant, que l\u2019accus\u00e9 \u00abavait r\u00e9agi face \u00e0 la violence d\u2019un policier contre sa personne\u00bb.<\/p>\n<p class=\"c6\"><strong>R\u00e9daction Web<\/strong> \u00a0<\/p>\n<\/div>\n<p>Auteur:<br \/>\n<a href=\"https:\/\/www.liberte-algerie.com\/actualite\/un-manifestant-place-sous-mandat-de-depot-333552\">Cliquez ici pour lire l&rsquo;article depuis sa source.<\/a><\/p>\n","protected":false},"excerpt":{"rendered":"<p>Le juge d\u2019instruction pr\u00e8s le tribunal de Sa\u00efda a plac\u00e9, ce dimanche, sous mandat de d\u00e9p\u00f4t un manifestant du nom de Elhachimi Houari, arr\u00eat\u00e9 lors de la marche du vendredi dernier, au niveau de la m\u00eame wilaya. Selon le comit\u00e9 national pour la lib\u00e9ration des d\u00e9tenus, Elhachimi Houari a \u00e9t\u00e9 arr\u00eat\u00e9 avec deux autres manifestants, [&hellip;]<\/p>\n","protected":false},"author":1742,"featured_media":0,"comment_status":"closed","ping_status":"closed","sticky":false,"template":"","format":"standard","meta":{"fifu_image_url":"","fifu_image_alt":"","footnotes":""},"categories":[73,53],"tags":[],"class_list":["post-75586","post","type-post","status-publish","format-standard","hentry","category-actualite","category-algerie"],"_links":{"self":[{"href":"https:\/\/linitiative.ca\/International\/wp-json\/wp\/v2\/posts\/75586","targetHints":{"allow":["GET"]}}],"collection":[{"href":"https:\/\/linitiative.ca\/International\/wp-json\/wp\/v2\/posts"}],"about":[{"href":"https:\/\/linitiative.ca\/International\/wp-json\/wp\/v2\/types\/post"}],"author":[{"embeddable":true,"href":"https:\/\/linitiative.ca\/International\/wp-json\/wp\/v2\/users\/1742"}],"replies":[{"embeddable":true,"href":"https:\/\/linitiative.ca\/International\/wp-json\/wp\/v2\/comments?post=75586"}],"version-history":[{"count":0,"href":"https:\/\/linitiative.ca\/International\/wp-json\/wp\/v2\/posts\/75586\/revisions"}],"wp:attachment":[{"href":"https:\/\/linitiative.ca\/International\/wp-json\/wp\/v2\/media?parent=75586"}],"wp:term":[{"taxonomy":"category","embeddable":true,"href":"https:\/\/linitiative.ca\/International\/wp-json\/wp\/v2\/categories?post=75586"},{"taxonomy":"post_tag","embeddable":true,"href":"https:\/\/linitiative.ca\/International\/wp-json\/wp\/v2\/tags?post=75586"}],"curies":[{"name":"wp","href":"https:\/\/api.w.org\/{rel}","templated":true}]}}