{"id":75587,"date":"2020-02-09T03:31:22","date_gmt":"2020-02-09T08:31:22","guid":{"rendered":"https:\/\/linitiative.ca\/International\/le-maroc-offre-une-plateforme-dediee-a-la-jeunesse-africaine\/"},"modified":"2020-02-09T03:31:22","modified_gmt":"2020-02-09T08:31:22","slug":"le-maroc-offre-une-plateforme-dediee-a-la-jeunesse-africaine","status":"publish","type":"post","link":"https:\/\/linitiative.ca\/International\/le-maroc-offre-une-plateforme-dediee-a-la-jeunesse-africaine\/","title":{"rendered":"Le Maroc offre une plateforme d\u00e9di\u00e9e \u00e0 la jeunesse africaine"},"content":{"rendered":"<div readability=\"38\">\n<p>Marrakech \u2013 Le Maroc a toute l\u2019expertise et le savoir-faire n\u00e9cessaires pour offrir \u00e0 la jeunesse africaine une plateforme o\u00f9 elle peut s\u2019exprimer sur des questions strat\u00e9giques int\u00e9ressant le Continent, a soulign\u00e9 samedi \u00e0 Marrakech, Chrysostome Nkoubi-Samba, pr\u00e9sident du r\u00e9seau des experts en management de la s\u00e9curit\u00e9 des donn\u00e9es num\u00e9riques.<\/p>\n<\/div>\n<div readability=\"106\">\n<p>\u00ab\u00a0Je pense que le Royaume a toutes les comp\u00e9tences et l\u2019expertise n\u00e9cessaires pour offrir \u00e0 la jeunesse africaine une plateforme appropri\u00e9e pour \u00e9voquer les questions relatives au pr\u00e9sent et \u00e0 l\u2019avenir du Continent\u00a0\u00bb, a-t-il ajout\u00e9 dans une d\u00e9claration \u00e0 la MAP en marge de sa participation aux travaux de la 11\u00e8 \u00e9dition de Marrakech Security Forum (MSF-2020)<\/p>\n<p>Et de faire observer que \u00ab\u00a0le Maroc jour un r\u00f4le moteur et de premier plan dans les efforts de d\u00e9veloppement entrepris \u00e0 tous les niveaux notamment celui num\u00e9rique et de s\u00e9curit\u00e9\u00a0\u00bb.<\/p>\n<p>Dans le m\u00eame sillage, il a relev\u00e9 que le Royaume se veut ce carrefour o\u00f9 tous les jeunes africains viennent se former, \u00e9mettant le voeu de voir cette jeunesse africaine, qui a cette chance d\u2019\u00eatre form\u00e9e au Maroc et d\u2019acqu\u00e9rir l\u2019expertise et le savoir-faire n\u00e9cessaires, en mesure d\u2019agir dans le bon sens pour faire du digital un outil en faveur de la s\u00e9curit\u00e9 du Continent.<\/p>\n<p>M. Nkoubi-Samba a, par la m\u00eame occasion, lou\u00e9 l\u2019int\u00e9r\u00eat tout particulier que Sa Majest\u00e9 le Roi Mohammed VI ne cesse d\u2019accorder \u00e0 la jeunesse africaine \u00e0 travers sa formation et son \u00e9mancipation, afin qu\u2019elle soit un acteur agissant dans les efforts visant le d\u00e9veloppement et la prosp\u00e9rit\u00e9 du Continent.<\/p>\n<p>Tout en adressant ses remerciements au Maroc, sous la conduite \u00e9clair\u00e9e de Sa Majest\u00e9 le Roi Mohammed VI, pour ses engagements sans faille en faveur de l\u2019Afrique, il a fait savoir que la jeunesse africaine a plus que jamais besoin d\u2019une plateforme idoine pour s\u2019exprimer.<\/p>\n<p>Sur un autre registre, M. Nkoubi-Samba a lou\u00e9 la pertinence du Forum de Marrakech et l\u2019importance cruciale qu\u2019il rev\u00eat en tant que l\u2019un des prestigieux rendez-vous annuels d\u00e9di\u00e9s aux questions s\u00e9curitaires si complexes et d\u2019actualit\u00e9, mettant en avant la place de choix que ce conclave accorde \u00e0 la dimension africaine.<\/p>\n<p>Cette vision africaine est tellement importante comme en t\u00e9moigne d\u2019ailleurs la th\u00e9matique de cette nouvelle \u00e9dition mais aussi le fait que ce Forum se tient au Maroc, terre africaine par excellence, a-t-il dit.<\/p>\n<p>Sur un autre volet, cet expert a relev\u00e9 qu\u2019aussi bien dans le monde physique que dans le monde entier, aucune entit\u00e9 ou organisation ne peut \u00e0 elle seule porter le poids de la gestion des nouvelles menaces qui ont tendance \u00e0 s\u2019internationaliser et p\u00e8sent sur la s\u00e9curit\u00e9 collective.<\/p>\n<p>Ce sont les interactions des initiatives nationales, sous-r\u00e9gionales, r\u00e9gionales et internationales port\u00e9es et amplifi\u00e9es par la transformation digitale ainsi que des strat\u00e9gies multisectorielles qui peuvent garantir la r\u00e9silience face aux crises et aux conflits, a-t-il expliqu\u00e9.<\/p>\n<p>\u00ab\u00a0Les d\u00e9fis de la mise \u00e0 jour de nos techniques et politiques, le maintien de la paix et la continuit\u00e9 des efforts entam\u00e9s pour le progr\u00e8s de nos pays africains est plus que jamais l\u2019affaire de tous, d\u2019o\u00f9 l\u2019imp\u00e9ratif pour les \u00e9lites africaines de par le monde de se mettre ensemble autour d\u2019une vision et dynamique communes et de s\u2019engager pour des actes concrets et responsables vis-\u00e0-vis de l\u2019avenir commun du Continent et de celui des g\u00e9n\u00e9rations \u00e0 venir\u00a0\u00bb, a-t-il pr\u00e9cis\u00e9.<\/p>\n<p>Et d\u2019ajouter que les strat\u00e9gies visant \u00e0 endiguer les nouvelles causes d\u2019instabilit\u00e9 ne peuvent faire l\u2019\u00e9conomie d\u2019une approche globale et inclusive s\u2019attaquant aux causes profondes qui font le creuset de l\u2019ins\u00e9curit\u00e9, relevant que le moment est venu pour les cadres africains et surtout, les jeunes qui feront l\u2019Afrique de demain, de s\u2019outiller et de ma\u00eetriser les questions de strat\u00e9gie et tous les instruments de prise de d\u00e9cisions afin de mieux faire face \u00e0 la concurrence des autres Continents\u00a0\u00bb, a-t-il conclu.<\/p>\n<\/div>\n<p>Auteur: Meriem IGASS<br \/>\n<a href=\"http:\/\/www.mapmarrakech.ma\/fr\/jeunesse-3\/\">Cliquez ici pour lire l&rsquo;article depuis sa source.<\/a><\/p>\n","protected":false},"excerpt":{"rendered":"<p>Marrakech \u2013 Le Maroc a toute l\u2019expertise et le savoir-faire n\u00e9cessaires pour offrir \u00e0 la jeunesse africaine une plateforme o\u00f9 elle peut s\u2019exprimer sur des questions strat\u00e9giques int\u00e9ressant le Continent, a soulign\u00e9 samedi \u00e0 Marrakech, Chrysostome Nkoubi-Samba, pr\u00e9sident du r\u00e9seau des experts en management de la s\u00e9curit\u00e9 des donn\u00e9es num\u00e9riques. \u00ab\u00a0Je pense que le Royaume [&hellip;]<\/p>\n","protected":false},"author":1788,"featured_media":0,"comment_status":"closed","ping_status":"closed","sticky":false,"template":"","format":"standard","meta":{"fifu_image_url":"","fifu_image_alt":"","footnotes":""},"categories":[54,76],"tags":[],"class_list":["post-75587","post","type-post","status-publish","format-standard","hentry","category-maroc","category-regions"],"_links":{"self":[{"href":"https:\/\/linitiative.ca\/International\/wp-json\/wp\/v2\/posts\/75587","targetHints":{"allow":["GET"]}}],"collection":[{"href":"https:\/\/linitiative.ca\/International\/wp-json\/wp\/v2\/posts"}],"about":[{"href":"https:\/\/linitiative.ca\/International\/wp-json\/wp\/v2\/types\/post"}],"author":[{"embeddable":true,"href":"https:\/\/linitiative.ca\/International\/wp-json\/wp\/v2\/users\/1788"}],"replies":[{"embeddable":true,"href":"https:\/\/linitiative.ca\/International\/wp-json\/wp\/v2\/comments?post=75587"}],"version-history":[{"count":0,"href":"https:\/\/linitiative.ca\/International\/wp-json\/wp\/v2\/posts\/75587\/revisions"}],"wp:attachment":[{"href":"https:\/\/linitiative.ca\/International\/wp-json\/wp\/v2\/media?parent=75587"}],"wp:term":[{"taxonomy":"category","embeddable":true,"href":"https:\/\/linitiative.ca\/International\/wp-json\/wp\/v2\/categories?post=75587"},{"taxonomy":"post_tag","embeddable":true,"href":"https:\/\/linitiative.ca\/International\/wp-json\/wp\/v2\/tags?post=75587"}],"curies":[{"name":"wp","href":"https:\/\/api.w.org\/{rel}","templated":true}]}}